{"id":1853,"date":"2022-10-13T22:13:40","date_gmt":"2022-10-13T22:13:40","guid":{"rendered":"https:\/\/fapecuador.org\/?p=1853"},"modified":"2023-01-13T18:02:13","modified_gmt":"2023-01-13T18:02:13","slug":"1era-jornada-de-plantacion-entre-la-puce-y-fap","status":"publish","type":"post","link":"https:\/\/fapecuador.org\/de\/1era-jornada-de-plantacion-entre-la-puce-y-fap\/","title":{"rendered":"Erster Pflanztag zwischen PUCE und FAP"},"content":{"rendered":"<div data-elementor-type=\"wp-post\" data-elementor-id=\"1853\" class=\"elementor elementor-1853\" data-elementor-post-type=\"post\">\n\t\t\t\t\t\t<section class=\"elementor-section elementor-top-section elementor-element elementor-element-518405f elementor-section-boxed elementor-section-height-default elementor-section-height-default\" data-id=\"518405f\" data-element_type=\"section\" data-e-type=\"section\">\n\t\t\t\t\t\t<div class=\"elementor-container elementor-column-gap-default\">\n\t\t\t\t\t<div class=\"elementor-column elementor-col-100 elementor-top-column elementor-element elementor-element-68f9161\" data-id=\"68f9161\" data-element_type=\"column\" data-e-type=\"column\">\n\t\t\t<div class=\"elementor-widget-wrap elementor-element-populated\">\n\t\t\t\t\t\t<div class=\"elementor-element elementor-element-028c722 elementor-widget elementor-widget-text-editor\" data-id=\"028c722\" data-element_type=\"widget\" data-e-type=\"widget\" data-widget_type=\"text-editor.default\">\n\t\t\t\t<div class=\"elementor-widget-container\">\n\t\t\t\t\t\t\t\t\t<p>Am Samstag, den 8. Oktober, fand zusammen mit Responsible Travel, Alib\u00fa, Biologen und Biologiestudenten der Pontificia Universidad Cat\u00f3lica del Ecuador der erste Pflanztag statt. Diese Anktivit\u00e4t geh\u00f6rt zum Programm 1 Million B\u00e4ume f\u00fcr Ecuador in 2024.<\/p>\t\t\t\t\t\t\t\t<\/div>\n\t\t\t\t<\/div>\n\t\t\t\t\t<\/div>\n\t\t<\/div>\n\t\t\t\t\t<\/div>\n\t\t<\/section>\n\t\t\t\t<section class=\"elementor-section elementor-top-section elementor-element elementor-element-bb352fc elementor-section-boxed elementor-section-height-default elementor-section-height-default\" data-id=\"bb352fc\" data-element_type=\"section\" data-e-type=\"section\">\n\t\t\t\t\t\t<div class=\"elementor-container elementor-column-gap-default\">\n\t\t\t\t\t<div class=\"elementor-column elementor-col-100 elementor-top-column elementor-element elementor-element-a3d4b0a\" data-id=\"a3d4b0a\" data-element_type=\"column\" data-e-type=\"column\">\n\t\t\t<div class=\"elementor-widget-wrap elementor-element-populated\">\n\t\t\t\t\t\t<div class=\"elementor-element elementor-element-289da63 elementor-widget elementor-widget-text-editor\" data-id=\"289da63\" data-element_type=\"widget\" data-e-type=\"widget\" data-widget_type=\"text-editor.default\">\n\t\t\t\t<div class=\"elementor-widget-container\">\n\t\t\t\t\t\t\t\t\t<p>Nachfolgend pr\u00e4sentieren wir einen Auszug aus diesem fruchtbaren und bereichernden Tag.<\/p>\t\t\t\t\t\t\t\t<\/div>\n\t\t\t\t<\/div>\n\t\t\t\t\t<\/div>\n\t\t<\/div>\n\t\t\t\t\t<\/div>\n\t\t<\/section>\n\t\t\t\t<section class=\"elementor-section elementor-top-section elementor-element elementor-element-b843cc2 elementor-section-boxed elementor-section-height-default elementor-section-height-default\" data-id=\"b843cc2\" data-element_type=\"section\" data-e-type=\"section\">\n\t\t\t\t\t\t<div class=\"elementor-container elementor-column-gap-default\">\n\t\t\t\t\t<div class=\"elementor-column elementor-col-100 elementor-top-column elementor-element elementor-element-9bd306e\" data-id=\"9bd306e\" data-element_type=\"column\" data-e-type=\"column\">\n\t\t\t<div class=\"elementor-widget-wrap elementor-element-populated\">\n\t\t\t\t\t\t<div class=\"elementor-element elementor-element-6bbcb9d elementor-widget__width-inherit elementor-widget elementor-widget-gallery\" data-id=\"6bbcb9d\" data-element_type=\"widget\" data-e-type=\"widget\" data-settings=\"{&quot;columns&quot;:2,&quot;gap&quot;:{&quot;unit&quot;:&quot;px&quot;,&quot;size&quot;:7,&quot;sizes&quot;:[]},&quot;lazyload&quot;:&quot;yes&quot;,&quot;gallery_layout&quot;:&quot;grid&quot;,&quot;columns_tablet&quot;:2,&quot;columns_mobile&quot;:1,&quot;gap_tablet&quot;:{&quot;unit&quot;:&quot;px&quot;,&quot;size&quot;:10,&quot;sizes&quot;:[]},&quot;gap_mobile&quot;:{&quot;unit&quot;:&quot;px&quot;,&quot;size&quot;:10,&quot;sizes&quot;:[]},&quot;link_to&quot;:&quot;file&quot;,&quot;aspect_ratio&quot;:&quot;3:2&quot;,&quot;overlay_background&quot;:&quot;yes&quot;,&quot;content_hover_animation&quot;:&quot;fade-in&quot;}\" data-widget_type=\"gallery.default\">\n\t\t\t\t<div class=\"elementor-widget-container\">\n\t\t\t\t\t\t\t<div class=\"elementor-gallery__container\">\r\n\t\t\t\t\t\t\t<a class=\"e-gallery-item elementor-gallery-item elementor-animated-content\" href=\"https:\/\/fapecuador.org\/wp-content\/uploads\/2022\/10\/Alibu-equipo.jpeg\" data-elementor-open-lightbox=\"yes\" data-elementor-lightbox-slideshow=\"6bbcb9d\" data-elementor-lightbox-title=\"Alib\u00fa equipo\" data-e-action-hash=\"#elementor-action%3Aaction%3Dlightbox%26settings%3DeyJpZCI6MTg2MCwidXJsIjoiaHR0cHM6XC9cL2ZhcGVjdWFkb3Iub3JnXC93cC1jb250ZW50XC91cGxvYWRzXC8yMDIyXC8xMFwvQWxpYnUtZXF1aXBvLmpwZWciLCJzbGlkZXNob3ciOiI2YmJjYjlkIn0%3D\">\r\n\t\t\t\t\t<div class=\"e-gallery-image elementor-gallery-item__image\" data-thumbnail=\"https:\/\/fapecuador.org\/wp-content\/uploads\/2022\/10\/Alibu-equipo.jpeg\" data-width=\"1000\" data-height=\"901\" aria-label=\"primera jornada de plantaci\u00f3n 1. Alib\u00fa\" role=\"img\" ><\/div>\r\n\t\t\t\t\t\t\t\t\t\t\t<div class=\"elementor-gallery-item__overlay\"><\/div>\r\n\t\t\t\t\t\t\t\t\t\t\t\t\t\t<\/a>\r\n\t\t\t\t\t\t\t<a class=\"e-gallery-item elementor-gallery-item elementor-animated-content\" href=\"https:\/\/fapecuador.org\/wp-content\/uploads\/2022\/10\/Responsible-Travel-equipo.jpeg\" data-elementor-open-lightbox=\"yes\" data-elementor-lightbox-slideshow=\"6bbcb9d\" data-elementor-lightbox-title=\"Responsible Travel equipo\" data-e-action-hash=\"#elementor-action%3Aaction%3Dlightbox%26settings%3DeyJpZCI6MTg1OSwidXJsIjoiaHR0cHM6XC9cL2ZhcGVjdWFkb3Iub3JnXC93cC1jb250ZW50XC91cGxvYWRzXC8yMDIyXC8xMFwvUmVzcG9uc2libGUtVHJhdmVsLWVxdWlwby5qcGVnIiwic2xpZGVzaG93IjoiNmJiY2I5ZCJ9\">\r\n\t\t\t\t\t<div class=\"e-gallery-image elementor-gallery-item__image\" data-thumbnail=\"https:\/\/fapecuador.org\/wp-content\/uploads\/2022\/10\/Responsible-Travel-equipo.jpeg\" data-width=\"1038\" data-height=\"900\" aria-label=\"Primera jornada de plantaci\u00f3n. Responsible Travel\" role=\"img\" ><\/div>\r\n\t\t\t\t\t\t\t\t\t\t\t<div class=\"elementor-gallery-item__overlay\"><\/div>\r\n\t\t\t\t\t\t\t\t\t\t\t\t\t\t<\/a>\r\n\t\t\t\t\t<\/div>\r\n\t\t\t\t\t<\/div>\n\t\t\t\t<\/div>\n\t\t\t\t\t<\/div>\n\t\t<\/div>\n\t\t\t\t\t<\/div>\n\t\t<\/section>\n\t\t\t\t<section class=\"elementor-section elementor-top-section elementor-element elementor-element-d125a7c elementor-section-boxed elementor-section-height-default elementor-section-height-default\" data-id=\"d125a7c\" data-element_type=\"section\" data-e-type=\"section\">\n\t\t\t\t\t\t<div class=\"elementor-container elementor-column-gap-default\">\n\t\t\t\t\t<div class=\"elementor-column elementor-col-100 elementor-top-column elementor-element elementor-element-ae4eeb7\" data-id=\"ae4eeb7\" data-element_type=\"column\" data-e-type=\"column\">\n\t\t\t<div class=\"elementor-widget-wrap elementor-element-populated\">\n\t\t\t\t\t\t<div class=\"elementor-element elementor-element-f4e4780 elementor-widget elementor-widget-text-editor\" data-id=\"f4e4780\" data-element_type=\"widget\" data-e-type=\"widget\" data-widget_type=\"text-editor.default\">\n\t\t\t\t<div class=\"elementor-widget-container\">\n\t\t\t\t\t\t\t\t\t<p>Organisationen wie Responsible Travel und Alibu, die seit Jahren \u00fcberzeugte Mitwirkende an verschiedenen FAP-Programmen sind, haben sich erneut entschieden, auf die Umwelt zu setzen, und bei dieser Gelegenheit nicht nur einen finanziellen Beitrag geleistet, sondern auch gemeinsam mit ihren Mitarbeitern mit Handarbeit gearbeitet der erste Pflanztag in Ciudad Bicentenario.\u00a0<\/p>\t\t\t\t\t\t\t\t<\/div>\n\t\t\t\t<\/div>\n\t\t\t\t\t<\/div>\n\t\t<\/div>\n\t\t\t\t\t<\/div>\n\t\t<\/section>\n\t\t\t\t<section class=\"elementor-section elementor-top-section elementor-element elementor-element-ca7e370 elementor-section-boxed elementor-section-height-default elementor-section-height-default\" data-id=\"ca7e370\" data-element_type=\"section\" data-e-type=\"section\">\n\t\t\t\t\t\t<div class=\"elementor-container elementor-column-gap-default\">\n\t\t\t\t\t<div class=\"elementor-column elementor-col-100 elementor-top-column elementor-element elementor-element-6c82092\" data-id=\"6c82092\" data-element_type=\"column\" data-e-type=\"column\">\n\t\t\t<div class=\"elementor-widget-wrap elementor-element-populated\">\n\t\t\t\t\t\t<div class=\"elementor-element elementor-element-7b3f0c0 elementor-widget elementor-widget-text-editor\" data-id=\"7b3f0c0\" data-element_type=\"widget\" data-e-type=\"widget\" data-widget_type=\"text-editor.default\">\n\t\t\t\t<div class=\"elementor-widget-container\">\n\t\t\t\t\t\t\t\t\t<p>An diesem Tag waren auch Lehrer, Sch\u00fcler, Verwaltungsmitarbeiter von PUCE und Stadtbeh\u00f6rden beteiligt.<\/p>\t\t\t\t\t\t\t\t<\/div>\n\t\t\t\t<\/div>\n\t\t\t\t\t<\/div>\n\t\t<\/div>\n\t\t\t\t\t<\/div>\n\t\t<\/section>\n\t\t\t\t<section class=\"elementor-section elementor-top-section elementor-element elementor-element-f5d8414 elementor-section-boxed elementor-section-height-default elementor-section-height-default\" data-id=\"f5d8414\" data-element_type=\"section\" data-e-type=\"section\">\n\t\t\t\t\t\t<div class=\"elementor-container elementor-column-gap-default\">\n\t\t\t\t\t<div class=\"elementor-column elementor-col-100 elementor-top-column elementor-element elementor-element-029e2c6\" data-id=\"029e2c6\" data-element_type=\"column\" data-e-type=\"column\">\n\t\t\t<div class=\"elementor-widget-wrap elementor-element-populated\">\n\t\t\t\t\t\t<div class=\"elementor-element elementor-element-f30362d elementor-widget elementor-widget-text-editor\" data-id=\"f30362d\" data-element_type=\"widget\" data-e-type=\"widget\" data-widget_type=\"text-editor.default\">\n\t\t\t\t<div class=\"elementor-widget-container\">\n\t\t\t\t\t\t\t\t\t<p>Fr\u00fch am Morgen bildeten das Abtragen von Erde, das Entfernen von Steinen, das Ausheben und Pflanzen, kombiniert mit der hellen und sengenden Sonne des Sektors Mitte der Welt. Hier wird der Ort sein, wo die Pflanzen liegen und sich entwickeln werden.<\/p>\t\t\t\t\t\t\t\t<\/div>\n\t\t\t\t<\/div>\n\t\t\t\t<div class=\"elementor-element elementor-element-5610964 elementor-widget elementor-widget-text-editor\" data-id=\"5610964\" data-element_type=\"widget\" data-e-type=\"widget\" data-widget_type=\"text-editor.default\">\n\t\t\t\t<div class=\"elementor-widget-container\">\n\t\t\t\t\t\t\t\t\t<p>Die an diesem Tag gepflanzten Arten waren Erle, Walnuss, Esche und schwarze Myrte. Alle sind vorteilhaft f\u00fcr den Boden.<\/p>\t\t\t\t\t\t\t\t<\/div>\n\t\t\t\t<\/div>\n\t\t\t\t\t<\/div>\n\t\t<\/div>\n\t\t\t\t\t<\/div>\n\t\t<\/section>\n\t\t\t\t<section class=\"elementor-section elementor-top-section elementor-element elementor-element-1f8ca9c elementor-section-boxed elementor-section-height-default elementor-section-height-default\" data-id=\"1f8ca9c\" data-element_type=\"section\" data-e-type=\"section\">\n\t\t\t\t\t\t<div class=\"elementor-container elementor-column-gap-default\">\n\t\t\t\t\t<div class=\"elementor-column elementor-col-100 elementor-top-column elementor-element elementor-element-8f08a5f\" data-id=\"8f08a5f\" data-element_type=\"column\" data-e-type=\"column\">\n\t\t\t<div class=\"elementor-widget-wrap elementor-element-populated\">\n\t\t\t\t\t\t<div class=\"elementor-element elementor-element-e043094 elementor-widget elementor-widget-gallery\" data-id=\"e043094\" data-element_type=\"widget\" data-e-type=\"widget\" data-settings=\"{&quot;columns&quot;:2,&quot;lazyload&quot;:&quot;yes&quot;,&quot;gallery_layout&quot;:&quot;grid&quot;,&quot;columns_tablet&quot;:2,&quot;columns_mobile&quot;:1,&quot;gap&quot;:{&quot;unit&quot;:&quot;px&quot;,&quot;size&quot;:10,&quot;sizes&quot;:[]},&quot;gap_tablet&quot;:{&quot;unit&quot;:&quot;px&quot;,&quot;size&quot;:10,&quot;sizes&quot;:[]},&quot;gap_mobile&quot;:{&quot;unit&quot;:&quot;px&quot;,&quot;size&quot;:10,&quot;sizes&quot;:[]},&quot;link_to&quot;:&quot;file&quot;,&quot;aspect_ratio&quot;:&quot;3:2&quot;,&quot;overlay_background&quot;:&quot;yes&quot;,&quot;content_hover_animation&quot;:&quot;fade-in&quot;}\" data-widget_type=\"gallery.default\">\n\t\t\t\t<div class=\"elementor-widget-container\">\n\t\t\t\t\t\t\t<div class=\"elementor-gallery__container\">\r\n\t\t\t\t\t\t\t<a class=\"e-gallery-item elementor-gallery-item elementor-animated-content\" href=\"https:\/\/fapecuador.org\/wp-content\/uploads\/2022\/10\/removiendo-tierra.jpeg\" data-elementor-open-lightbox=\"yes\" data-elementor-lightbox-slideshow=\"e043094\" data-elementor-lightbox-title=\"removiendo tierra\" data-e-action-hash=\"#elementor-action%3Aaction%3Dlightbox%26settings%3DeyJpZCI6MTg2MywidXJsIjoiaHR0cHM6XC9cL2ZhcGVjdWFkb3Iub3JnXC93cC1jb250ZW50XC91cGxvYWRzXC8yMDIyXC8xMFwvcmVtb3ZpZW5kby10aWVycmEuanBlZyIsInNsaWRlc2hvdyI6ImUwNDMwOTQifQ%3D%3D\">\r\n\t\t\t\t\t<div class=\"e-gallery-image elementor-gallery-item__image\" data-thumbnail=\"https:\/\/fapecuador.org\/wp-content\/uploads\/2022\/10\/removiendo-tierra.jpeg\" data-width=\"960\" data-height=\"1280\" aria-label=\"Primera jornada de plantaci\u00f3n 3\" role=\"img\" ><\/div>\r\n\t\t\t\t\t\t\t\t\t\t\t<div class=\"elementor-gallery-item__overlay\"><\/div>\r\n\t\t\t\t\t\t\t\t\t\t\t\t\t\t<\/a>\r\n\t\t\t\t\t\t\t<a class=\"e-gallery-item elementor-gallery-item elementor-animated-content\" href=\"https:\/\/fapecuador.org\/wp-content\/uploads\/2022\/10\/cavar.jpeg\" data-elementor-open-lightbox=\"yes\" data-elementor-lightbox-slideshow=\"e043094\" data-elementor-lightbox-title=\"cavar\" data-e-action-hash=\"#elementor-action%3Aaction%3Dlightbox%26settings%3DeyJpZCI6MTg2NCwidXJsIjoiaHR0cHM6XC9cL2ZhcGVjdWFkb3Iub3JnXC93cC1jb250ZW50XC91cGxvYWRzXC8yMDIyXC8xMFwvY2F2YXIuanBlZyIsInNsaWRlc2hvdyI6ImUwNDMwOTQifQ%3D%3D\">\r\n\t\t\t\t\t<div class=\"e-gallery-image elementor-gallery-item__image\" data-thumbnail=\"https:\/\/fapecuador.org\/wp-content\/uploads\/2022\/10\/cavar.jpeg\" data-width=\"960\" data-height=\"1280\" aria-label=\"Primera jornada de plantaci\u00f3n 4\" role=\"img\" ><\/div>\r\n\t\t\t\t\t\t\t\t\t\t\t<div class=\"elementor-gallery-item__overlay\"><\/div>\r\n\t\t\t\t\t\t\t\t\t\t\t\t\t\t<\/a>\r\n\t\t\t\t\t\t\t<a class=\"e-gallery-item elementor-gallery-item elementor-animated-content\" href=\"https:\/\/fapecuador.org\/wp-content\/uploads\/2022\/10\/retirar-piedras.jpeg\" data-elementor-open-lightbox=\"yes\" data-elementor-lightbox-slideshow=\"e043094\" data-elementor-lightbox-title=\"retirar piedras\" data-e-action-hash=\"#elementor-action%3Aaction%3Dlightbox%26settings%3DeyJpZCI6MTg2MSwidXJsIjoiaHR0cHM6XC9cL2ZhcGVjdWFkb3Iub3JnXC93cC1jb250ZW50XC91cGxvYWRzXC8yMDIyXC8xMFwvcmV0aXJhci1waWVkcmFzLmpwZWciLCJzbGlkZXNob3ciOiJlMDQzMDk0In0%3D\">\r\n\t\t\t\t\t<div class=\"e-gallery-image elementor-gallery-item__image\" data-thumbnail=\"https:\/\/fapecuador.org\/wp-content\/uploads\/2022\/10\/retirar-piedras-1153x1536.jpeg\" data-width=\"1153\" data-height=\"1536\" aria-label=\"Primera jornada de plantaci\u00f3n 5\" role=\"img\" ><\/div>\r\n\t\t\t\t\t\t\t\t\t\t\t<div class=\"elementor-gallery-item__overlay\"><\/div>\r\n\t\t\t\t\t\t\t\t\t\t\t\t\t\t<\/a>\r\n\t\t\t\t\t\t\t<a class=\"e-gallery-item elementor-gallery-item elementor-animated-content\" href=\"https:\/\/fapecuador.org\/wp-content\/uploads\/2022\/10\/siembra.jpeg\" data-elementor-open-lightbox=\"yes\" data-elementor-lightbox-slideshow=\"e043094\" data-elementor-lightbox-title=\"siembra\" data-e-action-hash=\"#elementor-action%3Aaction%3Dlightbox%26settings%3DeyJpZCI6MTg2MiwidXJsIjoiaHR0cHM6XC9cL2ZhcGVjdWFkb3Iub3JnXC93cC1jb250ZW50XC91cGxvYWRzXC8yMDIyXC8xMFwvc2llbWJyYS5qcGVnIiwic2xpZGVzaG93IjoiZTA0MzA5NCJ9\">\r\n\t\t\t\t\t<div class=\"e-gallery-image elementor-gallery-item__image\" data-thumbnail=\"https:\/\/fapecuador.org\/wp-content\/uploads\/2022\/10\/siembra-1152x1536.jpeg\" data-width=\"1152\" data-height=\"1536\" aria-label=\"Primera jornada de plantaci\u00f3n 6\" role=\"img\" ><\/div>\r\n\t\t\t\t\t\t\t\t\t\t\t<div class=\"elementor-gallery-item__overlay\"><\/div>\r\n\t\t\t\t\t\t\t\t\t\t\t\t\t\t<\/a>\r\n\t\t\t\t\t<\/div>\r\n\t\t\t\t\t<\/div>\n\t\t\t\t<\/div>\n\t\t\t\t\t<\/div>\n\t\t<\/div>\n\t\t\t\t\t<\/div>\n\t\t<\/section>\n\t\t\t\t<section class=\"elementor-section elementor-top-section elementor-element elementor-element-67c62ce elementor-section-boxed elementor-section-height-default elementor-section-height-default\" data-id=\"67c62ce\" data-element_type=\"section\" data-e-type=\"section\">\n\t\t\t\t\t\t<div class=\"elementor-container elementor-column-gap-default\">\n\t\t\t\t\t<div class=\"elementor-column elementor-col-100 elementor-top-column elementor-element elementor-element-b8a38fe\" data-id=\"b8a38fe\" data-element_type=\"column\" data-e-type=\"column\">\n\t\t\t<div class=\"elementor-widget-wrap elementor-element-populated\">\n\t\t\t\t\t\t<div class=\"elementor-element elementor-element-4f48344 elementor-widget elementor-widget-text-editor\" data-id=\"4f48344\" data-element_type=\"widget\" data-e-type=\"widget\" data-widget_type=\"text-editor.default\">\n\t\t\t\t<div class=\"elementor-widget-container\">\n\t\t\t\t\t\t\t\t\t<p>Walnuss, Esche und schwarze Myrte sind einheimische Arten, die in vielen Sektoren der Hauptstadt zu finden sind.<\/p>\t\t\t\t\t\t\t\t<\/div>\n\t\t\t\t<\/div>\n\t\t\t\t\t<\/div>\n\t\t<\/div>\n\t\t\t\t\t<\/div>\n\t\t<\/section>\n\t\t\t\t<section class=\"elementor-section elementor-top-section elementor-element elementor-element-8a32e84 elementor-section-boxed elementor-section-height-default elementor-section-height-default\" data-id=\"8a32e84\" data-element_type=\"section\" data-e-type=\"section\">\n\t\t\t\t\t\t<div class=\"elementor-container elementor-column-gap-default\">\n\t\t\t\t\t<div class=\"elementor-column elementor-col-100 elementor-top-column elementor-element elementor-element-24eec8b\" data-id=\"24eec8b\" data-element_type=\"column\" data-e-type=\"column\">\n\t\t\t<div class=\"elementor-widget-wrap elementor-element-populated\">\n\t\t\t\t\t\t<div class=\"elementor-element elementor-element-29a574e elementor-widget elementor-widget-text-editor\" data-id=\"29a574e\" data-element_type=\"widget\" data-e-type=\"widget\" data-widget_type=\"text-editor.default\">\n\t\t\t\t<div class=\"elementor-widget-container\">\n\t\t\t\t\t\t\t\t\t<p class=\"MsoNormal\">Das Ergebnis dieser wertvollen Arbeit ist die Anpflanzung von rund 100 B\u00e4umen, die nicht nur dazu dienen werden, CO2 aus anthropogenen Aktivit\u00e4ten zu binden, sondern auch den Bereich der Ciudad Bicentenario (Mitad del Mundo) zu versch\u00f6nern.<\/p>\t\t\t\t\t\t\t\t<\/div>\n\t\t\t\t<\/div>\n\t\t\t\t\t<\/div>\n\t\t<\/div>\n\t\t\t\t\t<\/div>\n\t\t<\/section>\n\t\t\t\t<section class=\"elementor-section elementor-top-section elementor-element elementor-element-31202c5 elementor-section-boxed elementor-section-height-default elementor-section-height-default\" data-id=\"31202c5\" data-element_type=\"section\" data-e-type=\"section\">\n\t\t\t\t\t\t<div class=\"elementor-container elementor-column-gap-default\">\n\t\t\t\t\t<div class=\"elementor-column elementor-col-100 elementor-top-column elementor-element elementor-element-0f009ba\" data-id=\"0f009ba\" data-element_type=\"column\" data-e-type=\"column\">\n\t\t\t<div class=\"elementor-widget-wrap elementor-element-populated\">\n\t\t\t\t\t\t<div class=\"elementor-element elementor-element-385b866 elementor-widget elementor-widget-text-editor\" data-id=\"385b866\" data-element_type=\"widget\" data-e-type=\"widget\" data-widget_type=\"text-editor.default\">\n\t\t\t\t<div class=\"elementor-widget-container\">\n\t\t\t\t\t\t\t\t\t<p>Die positive Wirkung aller Teilnehmer ist ein weiteres wertvolles Ergebnis f\u00fcr ihr pers\u00f6nliches Wachstum und ihr Umweltbewusstsein.<\/p>\t\t\t\t\t\t\t\t<\/div>\n\t\t\t\t<\/div>\n\t\t\t\t\t<\/div>\n\t\t<\/div>\n\t\t\t\t\t<\/div>\n\t\t<\/section>\n\t\t\t\t<section class=\"elementor-section elementor-top-section elementor-element elementor-element-5039e52 elementor-section-boxed elementor-section-height-default elementor-section-height-default\" data-id=\"5039e52\" data-element_type=\"section\" data-e-type=\"section\">\n\t\t\t\t\t\t<div class=\"elementor-container elementor-column-gap-default\">\n\t\t\t\t\t<div class=\"elementor-column elementor-col-100 elementor-top-column elementor-element elementor-element-15f90a0\" data-id=\"15f90a0\" data-element_type=\"column\" data-e-type=\"column\">\n\t\t\t<div class=\"elementor-widget-wrap elementor-element-populated\">\n\t\t\t\t\t\t<div class=\"elementor-element elementor-element-3e6afa5 elementor-widget elementor-widget-text-editor\" data-id=\"3e6afa5\" data-element_type=\"widget\" data-e-type=\"widget\" data-widget_type=\"text-editor.default\">\n\t\t\t\t<div class=\"elementor-widget-container\">\n\t\t\t\t\t\t\t\t\t<p>Wir danken dem Responsible Travel Tour Operator und dem ecuadorianischen Unternehmen Alib\u00fa \u201eTu Alimento Sano\u201c f\u00fcr die Zusammenarbeit an diesem ersten Pflanztag, der neben der Suche nach einer gr\u00fcneren Welt auch der St\u00e4rkung der Verbindung mit der Umwelt dient bietet viele Vorteile.<\/p>\t\t\t\t\t\t\t\t<\/div>\n\t\t\t\t<\/div>\n\t\t\t\t\t<\/div>\n\t\t<\/div>\n\t\t\t\t\t<\/div>\n\t\t<\/section>\n\t\t\t\t<section class=\"elementor-section elementor-top-section elementor-element elementor-element-16e22e5 elementor-section-boxed elementor-section-height-default elementor-section-height-default\" data-id=\"16e22e5\" data-element_type=\"section\" data-e-type=\"section\">\n\t\t\t\t\t\t<div class=\"elementor-container elementor-column-gap-default\">\n\t\t\t\t\t<div class=\"elementor-column elementor-col-100 elementor-top-column elementor-element elementor-element-dbbee2c\" data-id=\"dbbee2c\" data-element_type=\"column\" data-e-type=\"column\">\n\t\t\t<div class=\"elementor-widget-wrap elementor-element-populated\">\n\t\t\t\t\t\t<div class=\"elementor-element elementor-element-22307f1 elementor-widget elementor-widget-text-editor\" data-id=\"22307f1\" data-element_type=\"widget\" data-e-type=\"widget\" data-widget_type=\"text-editor.default\">\n\t\t\t\t<div class=\"elementor-widget-container\">\n\t\t\t\t\t\t\t\t\t<p>Wir ermutigen alle Unternehmen, denen die Umwelt am Herzen liegt, sich diesem Umweltprogramm anzuschlie\u00dfen, das in unserem Land so dringend ben\u00f6tigt wird.<\/p>\t\t\t\t\t\t\t\t<\/div>\n\t\t\t\t<\/div>\n\t\t\t\t\t<\/div>\n\t\t<\/div>\n\t\t\t\t\t<\/div>\n\t\t<\/section>\n\t\t\t\t<section class=\"elementor-section elementor-top-section elementor-element elementor-element-f6a9791 elementor-section-boxed elementor-section-height-default elementor-section-height-default\" data-id=\"f6a9791\" data-element_type=\"section\" data-e-type=\"section\">\n\t\t\t\t\t\t<div class=\"elementor-container elementor-column-gap-default\">\n\t\t\t\t\t<div class=\"elementor-column elementor-col-100 elementor-top-column elementor-element elementor-element-bab9b4d\" data-id=\"bab9b4d\" data-element_type=\"column\" data-e-type=\"column\">\n\t\t\t<div class=\"elementor-widget-wrap elementor-element-populated\">\n\t\t\t\t\t\t<div class=\"elementor-element elementor-element-6c3d31e elementor-widget elementor-widget-text-editor\" data-id=\"6c3d31e\" data-element_type=\"widget\" data-e-type=\"widget\" data-widget_type=\"text-editor.default\">\n\t\t\t\t<div class=\"elementor-widget-container\">\n\t\t\t\t\t\t\t\t\t<p>Wir danken auch der P\u00e4pstlichen Katholischen Universit\u00e4t von Ecuador f\u00fcr die durchgef\u00fchrte Logistik, Mobilisierung, Proben, Materialien, Erfrischungen und die notwendige Ermutigung f\u00fcr die erfolgreiche Durchf\u00fchrung dieses ersten Pflanztages.<\/p>\t\t\t\t\t\t\t\t<\/div>\n\t\t\t\t<\/div>\n\t\t\t\t\t<\/div>\n\t\t<\/div>\n\t\t\t\t\t<\/div>\n\t\t<\/section>\n\t\t\t\t<section class=\"elementor-section elementor-top-section elementor-element elementor-element-53b0a88 elementor-section-boxed elementor-section-height-default elementor-section-height-default\" data-id=\"53b0a88\" data-element_type=\"section\" data-e-type=\"section\">\n\t\t\t\t\t\t<div class=\"elementor-container elementor-column-gap-default\">\n\t\t\t\t\t<div class=\"elementor-column elementor-col-100 elementor-top-column elementor-element elementor-element-87e2d69\" data-id=\"87e2d69\" data-element_type=\"column\" data-e-type=\"column\">\n\t\t\t<div class=\"elementor-widget-wrap elementor-element-populated\">\n\t\t\t\t\t\t<div class=\"elementor-element elementor-element-09531fb elementor-widget elementor-widget-text-editor\" data-id=\"09531fb\" data-element_type=\"widget\" data-e-type=\"widget\" data-widget_type=\"text-editor.default\">\n\t\t\t\t<div class=\"elementor-widget-container\">\n\t\t\t\t\t\t\t\t\t<p>Abschlie\u00dfend danken wir der Gemeinde Quito f\u00fcr die Bereitstellung des Landes f\u00fcr diesen ersten Pflanztag zwischen PUCE und FAP.<\/p>\t\t\t\t\t\t\t\t<\/div>\n\t\t\t\t<\/div>\n\t\t\t\t\t<\/div>\n\t\t<\/div>\n\t\t\t\t\t<\/div>\n\t\t<\/section>\n\t\t\t\t<section class=\"elementor-section elementor-top-section elementor-element elementor-element-ba226bd elementor-section-boxed elementor-section-height-default elementor-section-height-default\" data-id=\"ba226bd\" data-element_type=\"section\" data-e-type=\"section\">\n\t\t\t\t\t\t<div class=\"elementor-container elementor-column-gap-default\">\n\t\t\t\t\t<div class=\"elementor-column elementor-col-100 elementor-top-column elementor-element elementor-element-302b6e6\" data-id=\"302b6e6\" data-element_type=\"column\" data-e-type=\"column\">\n\t\t\t<div class=\"elementor-widget-wrap elementor-element-populated\">\n\t\t\t\t\t\t<div class=\"elementor-element elementor-element-45606c6 elementor-widget elementor-widget-text-editor\" data-id=\"45606c6\" data-element_type=\"widget\" data-e-type=\"widget\" data-widget_type=\"text-editor.default\">\n\t\t\t\t<div class=\"elementor-widget-container\">\n\t\t\t\t\t\t\t\t\t<p>Um mehr \u00fcber das Programm \u201e1 Million B\u00e4ume f\u00fcr Ecuador\u201c von PUCE zu erfahren und wie Sie sich beteiligen k\u00f6nnen, klicken Sie hier\u00a0 <a href=\"https:\/\/1millondearboles.ec\/\">https:\/\/1millondearboles.ec\/<\/a><\/p>\t\t\t\t\t\t\t\t<\/div>\n\t\t\t\t<\/div>\n\t\t\t\t\t<\/div>\n\t\t<\/div>\n\t\t\t\t\t<\/div>\n\t\t<\/section>\n\t\t\t\t<section class=\"elementor-section elementor-top-section elementor-element elementor-element-9e56e3b elementor-section-boxed elementor-section-height-default elementor-section-height-default\" data-id=\"9e56e3b\" data-element_type=\"section\" data-e-type=\"section\">\n\t\t\t\t\t\t<div class=\"elementor-container elementor-column-gap-default\">\n\t\t\t\t\t<div class=\"elementor-column elementor-col-100 elementor-top-column elementor-element elementor-element-33a0926\" data-id=\"33a0926\" data-element_type=\"column\" data-e-type=\"column\">\n\t\t\t<div class=\"elementor-widget-wrap elementor-element-populated\">\n\t\t\t\t\t\t<div class=\"elementor-element elementor-element-aa11271 elementor-widget elementor-widget-text-editor\" data-id=\"aa11271\" data-element_type=\"widget\" data-e-type=\"widget\" data-widget_type=\"text-editor.default\">\n\t\t\t\t<div class=\"elementor-widget-container\">\n\t\t\t\t\t\t\t\t\t<p>Erfahren Sie mehr \u00fcber die Leistungen und Produkte der Unternehmen, die gemeinsam mit der PUCE am ersten Pflanztag teilgenommen haben.<\/p><p>Responsible Travel Ecuador\u00a0<a href=\"https:\/\/responsibletravelsa.com\/es\/\">https:\/\/responsibletravelsa.com\/es\/<\/a><\/p><p>Alib\u00fa\u00a0<a href=\"https:\/\/alibuecuador.com\/\">https:\/\/alibuecuador.com\/<\/a><\/p>\t\t\t\t\t\t\t\t<\/div>\n\t\t\t\t<\/div>\n\t\t\t\t\t<\/div>\n\t\t<\/div>\n\t\t\t\t\t<\/div>\n\t\t<\/section>\n\t\t\t\t<section class=\"elementor-section elementor-top-section elementor-element elementor-element-6a8ec34 elementor-section-boxed elementor-section-height-default elementor-section-height-default\" data-id=\"6a8ec34\" data-element_type=\"section\" data-e-type=\"section\">\n\t\t\t\t\t\t<div class=\"elementor-container elementor-column-gap-default\">\n\t\t\t\t\t<div class=\"elementor-column elementor-col-100 elementor-top-column elementor-element elementor-element-e7a3f91\" data-id=\"e7a3f91\" data-element_type=\"column\" data-e-type=\"column\">\n\t\t\t<div class=\"elementor-widget-wrap elementor-element-populated\">\n\t\t\t\t\t\t<div class=\"elementor-element elementor-element-689389c elementor-widget elementor-widget-text-editor\" data-id=\"689389c\" data-element_type=\"widget\" data-e-type=\"widget\" data-widget_type=\"text-editor.default\">\n\t\t\t\t<div class=\"elementor-widget-container\">\n\t\t\t\t\t\t\t\t\t<p>\u00a1Wenn es um die Umwelt geht, gibt es keine Kleinigkeiten!<\/p>\t\t\t\t\t\t\t\t<\/div>\n\t\t\t\t<\/div>\n\t\t\t\t\t<\/div>\n\t\t<\/div>\n\t\t\t\t\t<\/div>\n\t\t<\/section>\n\t\t\t\t<section class=\"elementor-section elementor-top-section elementor-element elementor-element-2fb281a elementor-section-boxed elementor-section-height-default elementor-section-height-default\" data-id=\"2fb281a\" data-element_type=\"section\" data-e-type=\"section\">\n\t\t\t\t\t\t<div class=\"elementor-container elementor-column-gap-default\">\n\t\t\t\t\t<div class=\"elementor-column elementor-col-100 elementor-top-column elementor-element elementor-element-910943d\" data-id=\"910943d\" data-element_type=\"column\" data-e-type=\"column\">\n\t\t\t<div class=\"elementor-widget-wrap elementor-element-populated\">\n\t\t\t\t\t\t<div class=\"elementor-element elementor-element-2fe70a9 elementor-widget elementor-widget-spacer\" data-id=\"2fe70a9\" data-element_type=\"widget\" data-e-type=\"widget\" data-widget_type=\"spacer.default\">\n\t\t\t\t<div class=\"elementor-widget-container\">\n\t\t\t\t\t\t\t<div class=\"elementor-spacer\">\n\t\t\t<div class=\"elementor-spacer-inner\"><\/div>\n\t\t<\/div>\n\t\t\t\t\t\t<\/div>\n\t\t\t\t<\/div>\n\t\t\t\t\t<\/div>\n\t\t<\/div>\n\t\t\t\t\t<\/div>\n\t\t<\/section>\n\t\t\t\t<section class=\"elementor-section elementor-top-section elementor-element elementor-element-c2ee295 elementor-section-boxed elementor-section-height-default elementor-section-height-default\" data-id=\"c2ee295\" data-element_type=\"section\" data-e-type=\"section\">\n\t\t\t\t\t\t<div class=\"elementor-container elementor-column-gap-default\">\n\t\t\t\t\t<div class=\"elementor-column elementor-col-100 elementor-top-column elementor-element elementor-element-100edd2\" data-id=\"100edd2\" data-element_type=\"column\" data-e-type=\"column\">\n\t\t\t<div class=\"elementor-widget-wrap elementor-element-populated\">\n\t\t\t\t\t\t<div class=\"elementor-element elementor-element-389b7aa elementor-widget elementor-widget-text-editor\" data-id=\"389b7aa\" data-element_type=\"widget\" data-e-type=\"widget\" data-widget_type=\"text-editor.default\">\n\t\t\t\t<div class=\"elementor-widget-container\">\n\t\t\t\t\t\t\t\t\t<p>Nachrichten von Interesse\u00a0<a href=\"https:\/\/fapecuador.org\/de\/alibu-reafirma-su-compromiso-con-el-medio-ambiente\/\">https:\/\/fapecuador.org\/es_ec\/alibu-reafirma-su-compromiso-con-el-medio-ambiente\/<\/a><\/p><p>\u00c4hnlicher Hinweis\u00a0<a href=\"https:\/\/fapecuador.org\/de\/responsible-travel-ecuador-se-une-al-proyecto-1-millon-de-arboles-para-ecuador\/\">https:\/\/fapecuador.org\/es_ec\/responsible-travel-ecuador-se-une-al-proyecto-1-millon-de-arboles-para-ecuador\/<\/a><\/p><p>FAP-Blog\u00a0<a href=\"https:\/\/fapecuador.org\/de\/blog\/\">https:\/\/fapecuador.org\/es_ec\/blog\/<\/a><\/p>\t\t\t\t\t\t\t\t<\/div>\n\t\t\t\t<\/div>\n\t\t\t\t\t<\/div>\n\t\t<\/div>\n\t\t\t\t\t<\/div>\n\t\t<\/section>\n\t\t\t\t<section class=\"elementor-section elementor-top-section elementor-element elementor-element-4e00209 elementor-section-boxed elementor-section-height-default elementor-section-height-default\" data-id=\"4e00209\" data-element_type=\"section\" data-e-type=\"section\">\n\t\t\t\t\t\t<div class=\"elementor-container elementor-column-gap-default\">\n\t\t\t\t\t<div class=\"elementor-column elementor-col-100 elementor-top-column elementor-element elementor-element-0a8e981\" data-id=\"0a8e981\" data-element_type=\"column\" data-e-type=\"column\">\n\t\t\t<div class=\"elementor-widget-wrap elementor-element-populated\">\n\t\t\t\t\t\t<div class=\"elementor-element elementor-element-f7ec3ba elementor-widget elementor-widget-spacer\" data-id=\"f7ec3ba\" data-element_type=\"widget\" data-e-type=\"widget\" data-widget_type=\"spacer.default\">\n\t\t\t\t<div class=\"elementor-widget-container\">\n\t\t\t\t\t\t\t<div class=\"elementor-spacer\">\n\t\t\t<div class=\"elementor-spacer-inner\"><\/div>\n\t\t<\/div>\n\t\t\t\t\t\t<\/div>\n\t\t\t\t<\/div>\n\t\t\t\t\t<\/div>\n\t\t<\/div>\n\t\t\t\t\t<\/div>\n\t\t<\/section>\n\t\t\t\t<section class=\"elementor-section elementor-top-section elementor-element elementor-element-210dafd elementor-section-boxed elementor-section-height-default elementor-section-height-default\" data-id=\"210dafd\" data-element_type=\"section\" data-e-type=\"section\">\n\t\t\t\t\t\t<div class=\"elementor-container elementor-column-gap-default\">\n\t\t\t\t\t<div class=\"elementor-column elementor-col-100 elementor-top-column elementor-element elementor-element-73288a4\" data-id=\"73288a4\" data-element_type=\"column\" data-e-type=\"column\">\n\t\t\t<div class=\"elementor-widget-wrap elementor-element-populated\">\n\t\t\t\t\t\t<div class=\"elementor-element elementor-element-3cb6b9f elementor-widget elementor-widget-text-editor\" data-id=\"3cb6b9f\" data-element_type=\"widget\" data-e-type=\"widget\" data-widget_type=\"text-editor.default\">\n\t\t\t\t<div class=\"elementor-widget-container\">\n\t\t\t\t\t\t\t\t\t<p>N\u00e4chster Hinweis\u00a0<a href=\"https:\/\/fapecuador.org\/de\/1881-2\/\">https:\/\/fapecuador.org\/es_ec\/1881-2\/<\/a><\/p><p>Vorank\u00fcndigung\u00a0<a href=\"https:\/\/fapecuador.org\/de\/puente-asociados-un-estudio-juridico-consciente-por-el-medio-ambiente\/\">https:\/\/fapecuador.org\/es_ec\/puente-asociados-un-estudio-juridico-consciente-por-el-medio-ambiente\/<\/a><\/p>\t\t\t\t\t\t\t\t<\/div>\n\t\t\t\t<\/div>\n\t\t\t\t\t<\/div>\n\t\t<\/div>\n\t\t\t\t\t<\/div>\n\t\t<\/section>\n\t\t\t\t<\/div>","protected":false},"excerpt":{"rendered":"<p>El s\u00e1bado 8 de octubre junto a Responsible Travel, Alib\u00fa, bi\u00f3logos y estudiantes de biolog\u00eda de la Pontificia Universidad Cat\u00f3lica del Ecuador se realiz\u00f3 la primera jornada de plantaci\u00f3n correspondiente al programa \u201c1 mill\u00f3n de \u00e1rboles para Ecuador\u201d hasta 2024. A continuaci\u00f3n, les presentamos un extracto de lo que fue esta fruct\u00edfera y enriquecedora jornada. [&hellip;]<\/p>\n","protected":false},"author":4,"featured_media":1857,"comment_status":"open","ping_status":"open","sticky":true,"template":"","format":"standard","meta":{"footnotes":""},"categories":[28,25,41,1],"tags":[36,37,40],"class_list":["post-1853","post","type-post","status-publish","format-standard","has-post-thumbnail","hentry","category-ambiental","category-blog","category-noticias","category-uncategorized","tag-adopta-un-arbol","tag-ambiental","tag-noticias"],"yoast_head":"<!-- This site is optimized with the Yoast SEO plugin v27.5 - https:\/\/yoast.com\/product\/yoast-seo-wordpress\/ -->\n<title>Primera jornada de plantaci\u00f3n entre la PUCE y FAP<\/title>\n<meta name=\"description\" content=\"El 8 de octubre se realiz\u00f3 la primera jornada de plantaci\u00f3n correspondiente al programa \u201c1 mill\u00f3n de \u00e1rboles para Ecuador\u201d hasta 2024.\" \/>\n<meta name=\"robots\" content=\"index, follow, max-snippet:-1, max-image-preview:large, max-video-preview:-1\" \/>\n<link rel=\"canonical\" href=\"https:\/\/fapecuador.org\/de\/1era-jornada-de-plantacion-entre-la-puce-y-fap\/\" \/>\n<meta property=\"og:locale\" content=\"de_DE\" \/>\n<meta property=\"og:type\" content=\"article\" \/>\n<meta property=\"og:title\" content=\"Primera jornada de plantaci\u00f3n entre la PUCE y FAP\" \/>\n<meta property=\"og:description\" content=\"El 8 de octubre se realiz\u00f3 la primera jornada de plantaci\u00f3n correspondiente al programa \u201c1 mill\u00f3n de \u00e1rboles para Ecuador\u201d hasta 2024.\" \/>\n<meta property=\"og:url\" content=\"https:\/\/fapecuador.org\/de\/1era-jornada-de-plantacion-entre-la-puce-y-fap\/\" \/>\n<meta property=\"og:site_name\" content=\"Fundaci\u00f3n Amazon\u00eda Productiva\" \/>\n<meta property=\"article:published_time\" content=\"2022-10-13T22:13:40+00:00\" \/>\n<meta property=\"article:modified_time\" content=\"2023-01-13T18:02:13+00:00\" \/>\n<meta property=\"og:image\" content=\"https:\/\/fapecuador.org\/wp-content\/uploads\/2022\/10\/Diseno-sin-titulo-1.png\" \/>\n\t<meta property=\"og:image:width\" content=\"1748\" \/>\n\t<meta property=\"og:image:height\" content=\"1240\" \/>\n\t<meta property=\"og:image:type\" content=\"image\/png\" \/>\n<meta name=\"author\" content=\"Maria Paula Erazo\" \/>\n<meta name=\"twitter:card\" content=\"summary_large_image\" \/>\n<meta name=\"twitter:label1\" content=\"Verfasst von\" \/>\n\t<meta name=\"twitter:data1\" content=\"Maria Paula Erazo\" \/>\n\t<meta name=\"twitter:label2\" content=\"Gesch\u00e4tzte Lesezeit\" \/>\n\t<meta name=\"twitter:data2\" content=\"3\u00a0Minuten\" \/>\n<script type=\"application\/ld+json\" class=\"yoast-schema-graph\">{\"@context\":\"https:\\\/\\\/schema.org\",\"@graph\":[{\"@type\":\"Article\",\"@id\":\"https:\\\/\\\/fapecuador.org\\\/1era-jornada-de-plantacion-entre-la-puce-y-fap\\\/#article\",\"isPartOf\":{\"@id\":\"https:\\\/\\\/fapecuador.org\\\/1era-jornada-de-plantacion-entre-la-puce-y-fap\\\/\"},\"author\":{\"name\":\"Maria Paula Erazo\",\"@id\":\"http:\\\/\\\/fapecuador.org\\\/es_ec\\\/#\\\/schema\\\/person\\\/cd2361edcfa45fa5e7d0f1c770a532a5\"},\"headline\":\"Primera jornada de plantaci\u00f3n entre la PUCE y FAP\",\"datePublished\":\"2022-10-13T22:13:40+00:00\",\"dateModified\":\"2023-01-13T18:02:13+00:00\",\"mainEntityOfPage\":{\"@id\":\"https:\\\/\\\/fapecuador.org\\\/1era-jornada-de-plantacion-entre-la-puce-y-fap\\\/\"},\"wordCount\":558,\"commentCount\":0,\"publisher\":{\"@id\":\"http:\\\/\\\/fapecuador.org\\\/es_ec\\\/#organization\"},\"image\":{\"@id\":\"https:\\\/\\\/fapecuador.org\\\/1era-jornada-de-plantacion-entre-la-puce-y-fap\\\/#primaryimage\"},\"thumbnailUrl\":\"https:\\\/\\\/fapecuador.org\\\/wp-content\\\/uploads\\\/2022\\\/10\\\/Diseno-sin-titulo-1.png\",\"keywords\":[\"Adopta un \u00e1rbol\",\"Ambiental\",\"Noticias\"],\"articleSection\":[\"AMBIENTAL\",\"BLOG\",\"NOTICIAS\",\"Uncategorized\"],\"inLanguage\":\"de\",\"potentialAction\":[{\"@type\":\"CommentAction\",\"name\":\"Comment\",\"target\":[\"https:\\\/\\\/fapecuador.org\\\/1era-jornada-de-plantacion-entre-la-puce-y-fap\\\/#respond\"]}]},{\"@type\":\"WebPage\",\"@id\":\"https:\\\/\\\/fapecuador.org\\\/1era-jornada-de-plantacion-entre-la-puce-y-fap\\\/\",\"url\":\"https:\\\/\\\/fapecuador.org\\\/1era-jornada-de-plantacion-entre-la-puce-y-fap\\\/\",\"name\":\"Primera jornada de plantaci\u00f3n entre la PUCE y FAP\",\"isPartOf\":{\"@id\":\"http:\\\/\\\/fapecuador.org\\\/es_ec\\\/#website\"},\"primaryImageOfPage\":{\"@id\":\"https:\\\/\\\/fapecuador.org\\\/1era-jornada-de-plantacion-entre-la-puce-y-fap\\\/#primaryimage\"},\"image\":{\"@id\":\"https:\\\/\\\/fapecuador.org\\\/1era-jornada-de-plantacion-entre-la-puce-y-fap\\\/#primaryimage\"},\"thumbnailUrl\":\"https:\\\/\\\/fapecuador.org\\\/wp-content\\\/uploads\\\/2022\\\/10\\\/Diseno-sin-titulo-1.png\",\"datePublished\":\"2022-10-13T22:13:40+00:00\",\"dateModified\":\"2023-01-13T18:02:13+00:00\",\"description\":\"El 8 de octubre se realiz\u00f3 la primera jornada de plantaci\u00f3n correspondiente al programa \u201c1 mill\u00f3n de \u00e1rboles para Ecuador\u201d hasta 2024.\",\"breadcrumb\":{\"@id\":\"https:\\\/\\\/fapecuador.org\\\/1era-jornada-de-plantacion-entre-la-puce-y-fap\\\/#breadcrumb\"},\"inLanguage\":\"de\",\"potentialAction\":[{\"@type\":\"ReadAction\",\"target\":[\"https:\\\/\\\/fapecuador.org\\\/1era-jornada-de-plantacion-entre-la-puce-y-fap\\\/\"]}]},{\"@type\":\"ImageObject\",\"inLanguage\":\"de\",\"@id\":\"https:\\\/\\\/fapecuador.org\\\/1era-jornada-de-plantacion-entre-la-puce-y-fap\\\/#primaryimage\",\"url\":\"https:\\\/\\\/fapecuador.org\\\/wp-content\\\/uploads\\\/2022\\\/10\\\/Diseno-sin-titulo-1.png\",\"contentUrl\":\"https:\\\/\\\/fapecuador.org\\\/wp-content\\\/uploads\\\/2022\\\/10\\\/Diseno-sin-titulo-1.png\",\"width\":1748,\"height\":1240},{\"@type\":\"BreadcrumbList\",\"@id\":\"https:\\\/\\\/fapecuador.org\\\/1era-jornada-de-plantacion-entre-la-puce-y-fap\\\/#breadcrumb\",\"itemListElement\":[{\"@type\":\"ListItem\",\"position\":1,\"name\":\"Portada\",\"item\":\"https:\\\/\\\/fapecuador.org\\\/\"},{\"@type\":\"ListItem\",\"position\":2,\"name\":\"Primera jornada de plantaci\u00f3n entre la PUCE y FAP\"}]},{\"@type\":\"WebSite\",\"@id\":\"http:\\\/\\\/fapecuador.org\\\/es_ec\\\/#website\",\"url\":\"http:\\\/\\\/fapecuador.org\\\/es_ec\\\/\",\"name\":\"Fundaci\u00f3n Amazon\u00eda Productiva\",\"description\":\"\",\"publisher\":{\"@id\":\"http:\\\/\\\/fapecuador.org\\\/es_ec\\\/#organization\"},\"potentialAction\":[{\"@type\":\"SearchAction\",\"target\":{\"@type\":\"EntryPoint\",\"urlTemplate\":\"http:\\\/\\\/fapecuador.org\\\/es_ec\\\/?s={search_term_string}\"},\"query-input\":{\"@type\":\"PropertyValueSpecification\",\"valueRequired\":true,\"valueName\":\"search_term_string\"}}],\"inLanguage\":\"de\"},{\"@type\":\"Organization\",\"@id\":\"http:\\\/\\\/fapecuador.org\\\/es_ec\\\/#organization\",\"name\":\"Fundaci\u00f3n Amazon\u00eda Productiva\",\"url\":\"http:\\\/\\\/fapecuador.org\\\/es_ec\\\/\",\"logo\":{\"@type\":\"ImageObject\",\"inLanguage\":\"de\",\"@id\":\"http:\\\/\\\/fapecuador.org\\\/es_ec\\\/#\\\/schema\\\/logo\\\/image\\\/\",\"url\":\"https:\\\/\\\/fapecuador.org\\\/wp-content\\\/uploads\\\/2022\\\/07\\\/cropped-logo-fap-2020-cop.png\",\"contentUrl\":\"https:\\\/\\\/fapecuador.org\\\/wp-content\\\/uploads\\\/2022\\\/07\\\/cropped-logo-fap-2020-cop.png\",\"width\":592,\"height\":297,\"caption\":\"Fundaci\u00f3n Amazon\u00eda Productiva\"},\"image\":{\"@id\":\"http:\\\/\\\/fapecuador.org\\\/es_ec\\\/#\\\/schema\\\/logo\\\/image\\\/\"}},{\"@type\":\"Person\",\"@id\":\"http:\\\/\\\/fapecuador.org\\\/es_ec\\\/#\\\/schema\\\/person\\\/cd2361edcfa45fa5e7d0f1c770a532a5\",\"name\":\"Maria Paula Erazo\",\"image\":{\"@type\":\"ImageObject\",\"inLanguage\":\"de\",\"@id\":\"https:\\\/\\\/secure.gravatar.com\\\/avatar\\\/d1269797a2b22a061135b1c4f8d69bb939bfb80ea976691f5df196c616425945?s=96&d=mm&r=g\",\"url\":\"https:\\\/\\\/secure.gravatar.com\\\/avatar\\\/d1269797a2b22a061135b1c4f8d69bb939bfb80ea976691f5df196c616425945?s=96&d=mm&r=g\",\"contentUrl\":\"https:\\\/\\\/secure.gravatar.com\\\/avatar\\\/d1269797a2b22a061135b1c4f8d69bb939bfb80ea976691f5df196c616425945?s=96&d=mm&r=g\",\"caption\":\"Maria Paula Erazo\"},\"url\":\"https:\\\/\\\/fapecuador.org\\\/de\\\/author\\\/mariapaula\\\/\"}]}<\/script>\n<!-- \/ Yoast SEO plugin. -->","yoast_head_json":{"title":"Erster Pflanztag zwischen PUCE und FAP","description":"El 8 de octubre se realiz\u00f3 la primera jornada de plantaci\u00f3n correspondiente al programa \u201c1 mill\u00f3n de \u00e1rboles para Ecuador\u201d hasta 2024.","robots":{"index":"index","follow":"follow","max-snippet":"max-snippet:-1","max-image-preview":"max-image-preview:large","max-video-preview":"max-video-preview:-1"},"canonical":"https:\/\/fapecuador.org\/de\/1era-jornada-de-plantacion-entre-la-puce-y-fap\/","og_locale":"de_DE","og_type":"article","og_title":"Primera jornada de plantaci\u00f3n entre la PUCE y FAP","og_description":"El 8 de octubre se realiz\u00f3 la primera jornada de plantaci\u00f3n correspondiente al programa \u201c1 mill\u00f3n de \u00e1rboles para Ecuador\u201d hasta 2024.","og_url":"https:\/\/fapecuador.org\/de\/1era-jornada-de-plantacion-entre-la-puce-y-fap\/","og_site_name":"Fundaci\u00f3n Amazon\u00eda Productiva","article_published_time":"2022-10-13T22:13:40+00:00","article_modified_time":"2023-01-13T18:02:13+00:00","og_image":[{"width":1748,"height":1240,"url":"https:\/\/fapecuador.org\/wp-content\/uploads\/2022\/10\/Diseno-sin-titulo-1.png","type":"image\/png"}],"author":"Maria Paula Erazo","twitter_card":"summary_large_image","twitter_misc":{"Verfasst von":"Maria Paula Erazo","Gesch\u00e4tzte Lesezeit":"3\u00a0Minuten"},"schema":{"@context":"https:\/\/schema.org","@graph":[{"@type":"Article","@id":"https:\/\/fapecuador.org\/1era-jornada-de-plantacion-entre-la-puce-y-fap\/#article","isPartOf":{"@id":"https:\/\/fapecuador.org\/1era-jornada-de-plantacion-entre-la-puce-y-fap\/"},"author":{"name":"Maria Paula Erazo","@id":"http:\/\/fapecuador.org\/es_ec\/#\/schema\/person\/cd2361edcfa45fa5e7d0f1c770a532a5"},"headline":"Primera jornada de plantaci\u00f3n entre la PUCE y FAP","datePublished":"2022-10-13T22:13:40+00:00","dateModified":"2023-01-13T18:02:13+00:00","mainEntityOfPage":{"@id":"https:\/\/fapecuador.org\/1era-jornada-de-plantacion-entre-la-puce-y-fap\/"},"wordCount":558,"commentCount":0,"publisher":{"@id":"http:\/\/fapecuador.org\/es_ec\/#organization"},"image":{"@id":"https:\/\/fapecuador.org\/1era-jornada-de-plantacion-entre-la-puce-y-fap\/#primaryimage"},"thumbnailUrl":"https:\/\/fapecuador.org\/wp-content\/uploads\/2022\/10\/Diseno-sin-titulo-1.png","keywords":["Adopta un \u00e1rbol","Ambiental","Noticias"],"articleSection":["AMBIENTAL","BLOG","NOTICIAS","Uncategorized"],"inLanguage":"de","potentialAction":[{"@type":"CommentAction","name":"Comment","target":["https:\/\/fapecuador.org\/1era-jornada-de-plantacion-entre-la-puce-y-fap\/#respond"]}]},{"@type":"WebPage","@id":"https:\/\/fapecuador.org\/1era-jornada-de-plantacion-entre-la-puce-y-fap\/","url":"https:\/\/fapecuador.org\/1era-jornada-de-plantacion-entre-la-puce-y-fap\/","name":"Erster Pflanztag zwischen PUCE und FAP","isPartOf":{"@id":"http:\/\/fapecuador.org\/es_ec\/#website"},"primaryImageOfPage":{"@id":"https:\/\/fapecuador.org\/1era-jornada-de-plantacion-entre-la-puce-y-fap\/#primaryimage"},"image":{"@id":"https:\/\/fapecuador.org\/1era-jornada-de-plantacion-entre-la-puce-y-fap\/#primaryimage"},"thumbnailUrl":"https:\/\/fapecuador.org\/wp-content\/uploads\/2022\/10\/Diseno-sin-titulo-1.png","datePublished":"2022-10-13T22:13:40+00:00","dateModified":"2023-01-13T18:02:13+00:00","description":"El 8 de octubre se realiz\u00f3 la primera jornada de plantaci\u00f3n correspondiente al programa \u201c1 mill\u00f3n de \u00e1rboles para Ecuador\u201d hasta 2024.","breadcrumb":{"@id":"https:\/\/fapecuador.org\/1era-jornada-de-plantacion-entre-la-puce-y-fap\/#breadcrumb"},"inLanguage":"de","potentialAction":[{"@type":"ReadAction","target":["https:\/\/fapecuador.org\/1era-jornada-de-plantacion-entre-la-puce-y-fap\/"]}]},{"@type":"ImageObject","inLanguage":"de","@id":"https:\/\/fapecuador.org\/1era-jornada-de-plantacion-entre-la-puce-y-fap\/#primaryimage","url":"https:\/\/fapecuador.org\/wp-content\/uploads\/2022\/10\/Diseno-sin-titulo-1.png","contentUrl":"https:\/\/fapecuador.org\/wp-content\/uploads\/2022\/10\/Diseno-sin-titulo-1.png","width":1748,"height":1240},{"@type":"BreadcrumbList","@id":"https:\/\/fapecuador.org\/1era-jornada-de-plantacion-entre-la-puce-y-fap\/#breadcrumb","itemListElement":[{"@type":"ListItem","position":1,"name":"Portada","item":"https:\/\/fapecuador.org\/"},{"@type":"ListItem","position":2,"name":"Primera jornada de plantaci\u00f3n entre la PUCE y FAP"}]},{"@type":"WebSite","@id":"http:\/\/fapecuador.org\/es_ec\/#website","url":"http:\/\/fapecuador.org\/es_ec\/","name":"Fundaci\u00f3n Amazon\u00eda Productiva","description":"","publisher":{"@id":"http:\/\/fapecuador.org\/es_ec\/#organization"},"potentialAction":[{"@type":"SearchAction","target":{"@type":"EntryPoint","urlTemplate":"http:\/\/fapecuador.org\/es_ec\/?s={search_term_string}"},"query-input":{"@type":"PropertyValueSpecification","valueRequired":true,"valueName":"search_term_string"}}],"inLanguage":"de"},{"@type":"Organization","@id":"http:\/\/fapecuador.org\/es_ec\/#organization","name":"Fundaci\u00f3n Amazon\u00eda Productiva","url":"http:\/\/fapecuador.org\/es_ec\/","logo":{"@type":"ImageObject","inLanguage":"de","@id":"http:\/\/fapecuador.org\/es_ec\/#\/schema\/logo\/image\/","url":"https:\/\/fapecuador.org\/wp-content\/uploads\/2022\/07\/cropped-logo-fap-2020-cop.png","contentUrl":"https:\/\/fapecuador.org\/wp-content\/uploads\/2022\/07\/cropped-logo-fap-2020-cop.png","width":592,"height":297,"caption":"Fundaci\u00f3n Amazon\u00eda Productiva"},"image":{"@id":"http:\/\/fapecuador.org\/es_ec\/#\/schema\/logo\/image\/"}},{"@type":"Person","@id":"http:\/\/fapecuador.org\/es_ec\/#\/schema\/person\/cd2361edcfa45fa5e7d0f1c770a532a5","name":"Maria Paula Erazo","image":{"@type":"ImageObject","inLanguage":"de","@id":"https:\/\/secure.gravatar.com\/avatar\/d1269797a2b22a061135b1c4f8d69bb939bfb80ea976691f5df196c616425945?s=96&d=mm&r=g","url":"https:\/\/secure.gravatar.com\/avatar\/d1269797a2b22a061135b1c4f8d69bb939bfb80ea976691f5df196c616425945?s=96&d=mm&r=g","contentUrl":"https:\/\/secure.gravatar.com\/avatar\/d1269797a2b22a061135b1c4f8d69bb939bfb80ea976691f5df196c616425945?s=96&d=mm&r=g","caption":"Maria Paula Erazo"},"url":"https:\/\/fapecuador.org\/de\/author\/mariapaula\/"}]}},"_links":{"self":[{"href":"https:\/\/fapecuador.org\/de\/wp-json\/wp\/v2\/posts\/1853","targetHints":{"allow":["GET"]}}],"collection":[{"href":"https:\/\/fapecuador.org\/de\/wp-json\/wp\/v2\/posts"}],"about":[{"href":"https:\/\/fapecuador.org\/de\/wp-json\/wp\/v2\/types\/post"}],"author":[{"embeddable":true,"href":"https:\/\/fapecuador.org\/de\/wp-json\/wp\/v2\/users\/4"}],"replies":[{"embeddable":true,"href":"https:\/\/fapecuador.org\/de\/wp-json\/wp\/v2\/comments?post=1853"}],"version-history":[{"count":83,"href":"https:\/\/fapecuador.org\/de\/wp-json\/wp\/v2\/posts\/1853\/revisions"}],"predecessor-version":[{"id":2972,"href":"https:\/\/fapecuador.org\/de\/wp-json\/wp\/v2\/posts\/1853\/revisions\/2972"}],"wp:featuredmedia":[{"embeddable":true,"href":"https:\/\/fapecuador.org\/de\/wp-json\/wp\/v2\/media\/1857"}],"wp:attachment":[{"href":"https:\/\/fapecuador.org\/de\/wp-json\/wp\/v2\/media?parent=1853"}],"wp:term":[{"taxonomy":"category","embeddable":true,"href":"https:\/\/fapecuador.org\/de\/wp-json\/wp\/v2\/categories?post=1853"},{"taxonomy":"post_tag","embeddable":true,"href":"https:\/\/fapecuador.org\/de\/wp-json\/wp\/v2\/tags?post=1853"}],"curies":[{"name":"wp","href":"https:\/\/api.w.org\/{rel}","templated":true}]}}