{"id":3703,"date":"2025-02-27T21:37:13","date_gmt":"2025-02-27T21:37:13","guid":{"rendered":"https:\/\/fapecuador.org\/?p=3703"},"modified":"2025-02-27T21:37:15","modified_gmt":"2025-02-27T21:37:15","slug":"reforestacion-empresarial","status":"publish","type":"post","link":"https:\/\/fapecuador.org\/de\/reforestacion-empresarial\/","title":{"rendered":"Unternehmensaufforstung: Eine nachhaltige L\u00f6sung f\u00fcr eine gr\u00fcne Zukunft"},"content":{"rendered":"<div data-elementor-type=\"wp-post\" data-elementor-id=\"3703\" class=\"elementor elementor-3703\" data-elementor-post-type=\"post\">\n\t\t\t\t\t\t<section class=\"elementor-section elementor-top-section elementor-element elementor-element-2c548dd5 elementor-section-boxed elementor-section-height-default elementor-section-height-default\" data-id=\"2c548dd5\" data-element_type=\"section\" data-e-type=\"section\">\n\t\t\t\t\t\t<div class=\"elementor-container elementor-column-gap-default\">\n\t\t\t\t\t<div class=\"elementor-column elementor-col-100 elementor-top-column elementor-element elementor-element-3423c34d\" data-id=\"3423c34d\" data-element_type=\"column\" data-e-type=\"column\">\n\t\t\t<div class=\"elementor-widget-wrap elementor-element-populated\">\n\t\t\t\t\t\t<div class=\"elementor-element elementor-element-70a3fc53 elementor-widget elementor-widget-text-editor\" data-id=\"70a3fc53\" data-element_type=\"widget\" data-e-type=\"widget\" data-widget_type=\"text-editor.default\">\n\t\t\t\t<div class=\"elementor-widget-container\">\n\t\t\t\t\t\t\t\t\t\n<p>Die Klimakrise ist eine unbestreitbare Realit\u00e4t, und Unternehmen haben die Macht, einen Unterschied zu machen. Bei der Fundaci\u00f3n Amazon\u00eda Productiva arbeiten wir mit dem Unternehmenssektor zusammen, um degradierte \u00d6kosysteme wiederherzustellen und nachhaltige Produktionsmodelle zu f\u00f6rdern.<\/p>\n\n<figure class=\"wp-block-image size-large\"><img fetchpriority=\"high\" decoding=\"async\" width=\"1024\" height=\"684\" class=\"wp-image-3704\" src=\"https:\/\/fapecuador.org\/wp-content\/uploads\/2025\/02\/pexels-mikhail-nilov-8543602-1024x684.jpg\" alt=\"\" srcset=\"https:\/\/fapecuador.org\/wp-content\/uploads\/2025\/02\/pexels-mikhail-nilov-8543602-1024x684.jpg 1024w, https:\/\/fapecuador.org\/wp-content\/uploads\/2025\/02\/pexels-mikhail-nilov-8543602-300x200.jpg 300w, https:\/\/fapecuador.org\/wp-content\/uploads\/2025\/02\/pexels-mikhail-nilov-8543602-768x513.jpg 768w, https:\/\/fapecuador.org\/wp-content\/uploads\/2025\/02\/pexels-mikhail-nilov-8543602-1536x1025.jpg 1536w, https:\/\/fapecuador.org\/wp-content\/uploads\/2025\/02\/pexels-mikhail-nilov-8543602-2048x1367.jpg 2048w, https:\/\/fapecuador.org\/wp-content\/uploads\/2025\/02\/pexels-mikhail-nilov-8543602-18x12.jpg 18w, https:\/\/fapecuador.org\/wp-content\/uploads\/2025\/02\/pexels-mikhail-nilov-8543602-600x401.jpg 600w\" sizes=\"(max-width: 1024px) 100vw, 1024px\" \/><\/figure>\n\n<p>Warum ist unternehmerische Wiederaufforstung entscheidend?<\/p>\n\n<p>Unternehmen haben sowohl die Verantwortung als auch die M\u00f6glichkeit, einen positiven Einfluss auf den Planeten zu nehmen. Durch Wiederaufforstung k\u00f6nnen sie ihren CO\u2082-Fu\u00dfabdruck ausgleichen, ihr Unternehmensimage verbessern und zur Biodiversit\u00e4t beitragen. Dar\u00fcber hinaus st\u00e4rkt die Investition in \u00f6kologische Wiederherstellungsprojekte nicht nur ihr Engagement f\u00fcr Nachhaltigkeit, sondern bringt auch sp\u00fcrbare Vorteile f\u00fcr lokale Gemeinschaften.<\/p>\n\n<h2 class=\"wp-block-heading\">Unser Unternehmensmodell zur Wiederaufforstung<\/h2>\n\n<p>Die Fundaci\u00f3n Amazon\u00eda Productiva entwirft Aufforstungsprogramme, die auf jedes Unternehmen zugeschnitten sind und auf drei Grundpfeilern beruhen:<\/p>\n\n<ol class=\"wp-block-list\" start=\"1\">\n<li><strong>Auswahl der einheimischen Arten<\/strong>: Wir arbeiten mit Gemeinden und Biodiversit\u00e4tsexperten zusammen, um die richtigen Arten auszuw\u00e4hlen, die das \u00f6kologische Gleichgewicht der jeweiligen Region wiederherstellen.<\/li>\n\n<li><strong>Engagement in den Gemeinden<\/strong>: Wir f\u00f6rdern die aktive Beteiligung der lokalen Bev\u00f6lkerung, indem wir f\u00fcr eine angemessene Besch\u00e4ftigung und Ausbildung im Bereich des Naturschutzes sorgen.<\/li>\n\n<li><strong>\u00dcberwachung und Transparenz<\/strong>: Wir f\u00fchren \u00dcberwachungssysteme ein, um das \u00dcberleben der gepflanzten B\u00e4ume sicherzustellen, und legen den beteiligten Unternehmen detaillierte Berichte vor.<\/li>\n<\/ol>\n\n<h2 class=\"wp-block-heading\">Aufforstungspl\u00e4ne 2025<\/h2>\n\n<p>Wir bieten Programme f\u00fcr Unternehmen und Freiwillige an, die aktiv zur Umweltsanierung beitragen m\u00f6chten.<\/p>\n\n<p>Wenn Sie Aufforstungsma\u00dfnahmen durchf\u00fchren m\u00f6chten, kontaktieren Sie uns, um ein ma\u00dfgeschneidertes Programm zu koordinieren.<\/p>\n\n<figure class=\"wp-block-image aligncenter size-large\"><img decoding=\"async\" width=\"1024\" height=\"768\" class=\"wp-image-3583\" src=\"https:\/\/fapecuador.org\/wp-content\/uploads\/2023\/12\/DSCN0261-1024x768.jpg\" alt=\"\" srcset=\"https:\/\/fapecuador.org\/wp-content\/uploads\/2023\/12\/DSCN0261-1024x768.jpg 1024w, https:\/\/fapecuador.org\/wp-content\/uploads\/2023\/12\/DSCN0261-300x225.jpg 300w, https:\/\/fapecuador.org\/wp-content\/uploads\/2023\/12\/DSCN0261-768x576.jpg 768w, https:\/\/fapecuador.org\/wp-content\/uploads\/2023\/12\/DSCN0261-1536x1152.jpg 1536w, https:\/\/fapecuador.org\/wp-content\/uploads\/2023\/12\/DSCN0261-2048x1536.jpg 2048w, https:\/\/fapecuador.org\/wp-content\/uploads\/2023\/12\/DSCN0261-16x12.jpg 16w, https:\/\/fapecuador.org\/wp-content\/uploads\/2023\/12\/DSCN0261-600x450.jpg 600w\" sizes=\"(max-width: 1024px) 100vw, 1024px\" \/><\/figure>\n\n<h2 class=\"wp-block-heading\">Vorteile f\u00fcr Unternehmen<\/h2>\n\n<p>\u2714 <strong>Reduzierung des CO2-Fu\u00dfabdrucks<\/strong>: Die Aufforstung ist eine wirksame Strategie zur CO\u2082-Bindung und zum Emissionsausgleich.\u2714 <strong>Einhaltung der internationalen Normen<\/strong>: Es tr\u00e4gt zu Nachhaltigkeitszertifizierungen wie Carbon Neutral, B Corp oder Travelife bei. \u2714 <strong>St\u00e4rkung der Unternehmensreputation<\/strong>: Zeigt ein echtes Engagement f\u00fcr Nachhaltigkeit und schafft dadurch mehr Vertrauen bei Kunden und Investoren. \u2714 <strong>Positive soziale Auswirkungen<\/strong>: F\u00f6rderung der Entwicklung l\u00e4ndlicher Gemeinden durch die Schaffung von Arbeitspl\u00e4tzen und die Erhaltung der nat\u00fcrlichen Ressourcen.<\/p>\n\n<h2 class=\"wp-block-heading\">Wie k\u00f6nnen sich Unternehmen beteiligen?<\/h2>\n\n<p>Die Fundaci\u00f3n Amazon\u00eda Productiva bietet ma\u00dfgeschneiderte L\u00f6sungen f\u00fcr Unternehmen, die in die Wiederherstellung von \u00d6kosystemen investieren wollen. Wenn Ihr Unternehmen Teil des Wandels sein m\u00f6chte, kontaktieren Sie uns, um ein Wiederaufforstungsprogramm zu entwerfen, das mit Ihren Werten und Nachhaltigkeitszielen \u00fcbereinstimmt.<\/p>\n\n<p>\ud83c\udf0e <strong>Investitionen in die Wiederaufforstung sind nicht nur eine Verantwortung, sondern auch eine Chance, die Zukunft zu ver\u00e4ndern.<\/strong> Gemeinsam k\u00f6nnen wir eine gr\u00fcnere und widerstandsf\u00e4higere Welt schaffen.<\/p>\n\n<p>\ud83d\udce9 Weitere Informationen erhalten Sie, wenn Sie sich mit uns in Verbindung setzen und herausfinden, wie Ihr Unternehmen an dieser Initiative teilnehmen kann.<\/p>\n\t\t\t\t\t\t\t\t<\/div>\n\t\t\t\t<\/div>\n\t\t\t\t<div class=\"elementor-element elementor-element-489d296 elementor-button-info elementor-widget elementor-widget-button\" data-id=\"489d296\" data-element_type=\"widget\" data-e-type=\"widget\" data-widget_type=\"button.default\">\n\t\t\t\t<div class=\"elementor-widget-container\">\n\t\t\t\t\t\t\t\t\t<div class=\"elementor-button-wrapper\">\n\t\t\t\t\t<a class=\"elementor-button elementor-button-link elementor-size-sm\" href=\"\" id=\"CONT\u00c1CTANOS\">\n\t\t\t\t\t\t<span class=\"elementor-button-content-wrapper\">\n\t\t\t\t\t\t\t\t\t<span class=\"elementor-button-text\">KONTAKT US<\/span>\n\t\t\t\t\t<\/span>\n\t\t\t\t\t<\/a>\n\t\t\t\t<\/div>\n\t\t\t\t\t\t\t\t<\/div>\n\t\t\t\t<\/div>\n\t\t\t\t\t<\/div>\n\t\t<\/div>\n\t\t\t\t\t<\/div>\n\t\t<\/section>\n\t\t\t\t<\/div>","protected":false},"excerpt":{"rendered":"<p>La crisis clim\u00e1tica es una realidad innegable, y las empresas tienen el poder de marcar la diferencia. En la Fundaci\u00f3n Amazon\u00eda Productiva, trabajamos junto al sector empresarial para restaurar ecosistemas degradados y promover modelos de producci\u00f3n sostenibles. \u00bfPor qu\u00e9 la reforestaci\u00f3n empresarial es crucial? Las empresas tienen la responsabilidad y la oportunidad de generar un [&hellip;]<\/p>\n","protected":false},"author":4,"featured_media":3704,"comment_status":"open","ping_status":"open","sticky":false,"template":"","format":"standard","meta":{"footnotes":""},"categories":[28,25,30,44,29,1],"tags":[36,37,38,39],"class_list":["post-3703","post","type-post","status-publish","format-standard","has-post-thumbnail","hentry","category-ambiental","category-blog","category-comercio-justo","category-cultural","category-social","category-uncategorized","tag-adopta-un-arbol","tag-ambiental","tag-proyectos","tag-social"],"yoast_head":"<!-- This site is optimized with the Yoast SEO plugin v27.5 - https:\/\/yoast.com\/product\/yoast-seo-wordpress\/ -->\n<title>Reforestaci\u00f3n Empresarial: Una Soluci\u00f3n Sostenible para un Futuro Verde - Fundaci\u00f3n Amazon\u00eda Productiva<\/title>\n<meta name=\"description\" content=\"\u00a1Convierte la reforestaci\u00f3n en el motor de cambio para tu empresa! \ud83c\udf31\ud83c\udf0d Descubre c\u00f3mo la reforestaci\u00f3n empresarial no solo compensa la huella de carbono, sino que tambi\u00e9n fortalece tu reputaci\u00f3n, cumple con est\u00e1ndares de sostenibilidad y genera un impacto positivo en comunidades locales.\" \/>\n<meta name=\"robots\" content=\"index, follow, max-snippet:-1, max-image-preview:large, max-video-preview:-1\" \/>\n<link rel=\"canonical\" href=\"https:\/\/fapecuador.org\/de\/reforestacion-empresarial\/\" \/>\n<meta property=\"og:locale\" content=\"de_DE\" \/>\n<meta property=\"og:type\" content=\"article\" \/>\n<meta property=\"og:title\" content=\"Reforestaci\u00f3n Empresarial: Una Soluci\u00f3n Sostenible para un Futuro Verde - Fundaci\u00f3n Amazon\u00eda Productiva\" \/>\n<meta property=\"og:description\" content=\"\u00a1Convierte la reforestaci\u00f3n en el motor de cambio para tu empresa! \ud83c\udf31\ud83c\udf0d Descubre c\u00f3mo la reforestaci\u00f3n empresarial no solo compensa la huella de carbono, sino que tambi\u00e9n fortalece tu reputaci\u00f3n, cumple con est\u00e1ndares de sostenibilidad y genera un impacto positivo en comunidades locales.\" \/>\n<meta property=\"og:url\" content=\"https:\/\/fapecuador.org\/de\/reforestacion-empresarial\/\" \/>\n<meta property=\"og:site_name\" content=\"Fundaci\u00f3n Amazon\u00eda Productiva\" \/>\n<meta property=\"article:published_time\" content=\"2025-02-27T21:37:13+00:00\" \/>\n<meta property=\"article:modified_time\" content=\"2025-02-27T21:37:15+00:00\" \/>\n<meta property=\"og:image\" content=\"https:\/\/fapecuador.org\/wp-content\/uploads\/2025\/02\/pexels-mikhail-nilov-8543602-scaled.jpg\" \/>\n\t<meta property=\"og:image:width\" content=\"2560\" \/>\n\t<meta property=\"og:image:height\" content=\"1709\" \/>\n\t<meta property=\"og:image:type\" content=\"image\/jpeg\" \/>\n<meta name=\"author\" content=\"Maria Paula Erazo\" \/>\n<meta name=\"twitter:card\" content=\"summary_large_image\" \/>\n<meta name=\"twitter:label1\" content=\"Verfasst von\" \/>\n\t<meta name=\"twitter:data1\" content=\"Maria Paula Erazo\" \/>\n\t<meta name=\"twitter:label2\" content=\"Gesch\u00e4tzte Lesezeit\" \/>\n\t<meta name=\"twitter:data2\" content=\"3\u00a0Minuten\" \/>\n<script type=\"application\/ld+json\" class=\"yoast-schema-graph\">{\"@context\":\"https:\\\/\\\/schema.org\",\"@graph\":[{\"@type\":\"Article\",\"@id\":\"https:\\\/\\\/fapecuador.org\\\/reforestacion-empresarial\\\/#article\",\"isPartOf\":{\"@id\":\"https:\\\/\\\/fapecuador.org\\\/reforestacion-empresarial\\\/\"},\"author\":{\"name\":\"Maria Paula Erazo\",\"@id\":\"http:\\\/\\\/fapecuador.org\\\/es_ec\\\/#\\\/schema\\\/person\\\/cd2361edcfa45fa5e7d0f1c770a532a5\"},\"headline\":\"Reforestaci\u00f3n Empresarial: Una Soluci\u00f3n Sostenible para un Futuro Verde\",\"datePublished\":\"2025-02-27T21:37:13+00:00\",\"dateModified\":\"2025-02-27T21:37:15+00:00\",\"mainEntityOfPage\":{\"@id\":\"https:\\\/\\\/fapecuador.org\\\/reforestacion-empresarial\\\/\"},\"wordCount\":452,\"commentCount\":0,\"publisher\":{\"@id\":\"http:\\\/\\\/fapecuador.org\\\/es_ec\\\/#organization\"},\"image\":{\"@id\":\"https:\\\/\\\/fapecuador.org\\\/reforestacion-empresarial\\\/#primaryimage\"},\"thumbnailUrl\":\"https:\\\/\\\/fapecuador.org\\\/wp-content\\\/uploads\\\/2025\\\/02\\\/pexels-mikhail-nilov-8543602-scaled.jpg\",\"keywords\":[\"Adopta un \u00e1rbol\",\"Ambiental\",\"Proyectos\",\"Social\"],\"articleSection\":[\"AMBIENTAL\",\"BLOG\",\"COMERCIO JUSTO\",\"CULTURAL\",\"SOCIAL\",\"Uncategorized\"],\"inLanguage\":\"de\",\"potentialAction\":[{\"@type\":\"CommentAction\",\"name\":\"Comment\",\"target\":[\"https:\\\/\\\/fapecuador.org\\\/reforestacion-empresarial\\\/#respond\"]}]},{\"@type\":\"WebPage\",\"@id\":\"https:\\\/\\\/fapecuador.org\\\/reforestacion-empresarial\\\/\",\"url\":\"https:\\\/\\\/fapecuador.org\\\/reforestacion-empresarial\\\/\",\"name\":\"Reforestaci\u00f3n Empresarial: Una Soluci\u00f3n Sostenible para un Futuro Verde - Fundaci\u00f3n Amazon\u00eda Productiva\",\"isPartOf\":{\"@id\":\"http:\\\/\\\/fapecuador.org\\\/es_ec\\\/#website\"},\"primaryImageOfPage\":{\"@id\":\"https:\\\/\\\/fapecuador.org\\\/reforestacion-empresarial\\\/#primaryimage\"},\"image\":{\"@id\":\"https:\\\/\\\/fapecuador.org\\\/reforestacion-empresarial\\\/#primaryimage\"},\"thumbnailUrl\":\"https:\\\/\\\/fapecuador.org\\\/wp-content\\\/uploads\\\/2025\\\/02\\\/pexels-mikhail-nilov-8543602-scaled.jpg\",\"datePublished\":\"2025-02-27T21:37:13+00:00\",\"dateModified\":\"2025-02-27T21:37:15+00:00\",\"description\":\"\u00a1Convierte la reforestaci\u00f3n en el motor de cambio para tu empresa! \ud83c\udf31\ud83c\udf0d Descubre c\u00f3mo la reforestaci\u00f3n empresarial no solo compensa la huella de carbono, sino que tambi\u00e9n fortalece tu reputaci\u00f3n, cumple con est\u00e1ndares de sostenibilidad y genera un impacto positivo en comunidades locales.\",\"breadcrumb\":{\"@id\":\"https:\\\/\\\/fapecuador.org\\\/reforestacion-empresarial\\\/#breadcrumb\"},\"inLanguage\":\"de\",\"potentialAction\":[{\"@type\":\"ReadAction\",\"target\":[\"https:\\\/\\\/fapecuador.org\\\/reforestacion-empresarial\\\/\"]}]},{\"@type\":\"ImageObject\",\"inLanguage\":\"de\",\"@id\":\"https:\\\/\\\/fapecuador.org\\\/reforestacion-empresarial\\\/#primaryimage\",\"url\":\"https:\\\/\\\/fapecuador.org\\\/wp-content\\\/uploads\\\/2025\\\/02\\\/pexels-mikhail-nilov-8543602-scaled.jpg\",\"contentUrl\":\"https:\\\/\\\/fapecuador.org\\\/wp-content\\\/uploads\\\/2025\\\/02\\\/pexels-mikhail-nilov-8543602-scaled.jpg\",\"width\":2560,\"height\":1709},{\"@type\":\"BreadcrumbList\",\"@id\":\"https:\\\/\\\/fapecuador.org\\\/reforestacion-empresarial\\\/#breadcrumb\",\"itemListElement\":[{\"@type\":\"ListItem\",\"position\":1,\"name\":\"Portada\",\"item\":\"https:\\\/\\\/fapecuador.org\\\/\"},{\"@type\":\"ListItem\",\"position\":2,\"name\":\"Reforestaci\u00f3n Empresarial: Una Soluci\u00f3n Sostenible para un Futuro Verde\"}]},{\"@type\":\"WebSite\",\"@id\":\"http:\\\/\\\/fapecuador.org\\\/es_ec\\\/#website\",\"url\":\"http:\\\/\\\/fapecuador.org\\\/es_ec\\\/\",\"name\":\"Fundaci\u00f3n Amazon\u00eda Productiva\",\"description\":\"\",\"publisher\":{\"@id\":\"http:\\\/\\\/fapecuador.org\\\/es_ec\\\/#organization\"},\"potentialAction\":[{\"@type\":\"SearchAction\",\"target\":{\"@type\":\"EntryPoint\",\"urlTemplate\":\"http:\\\/\\\/fapecuador.org\\\/es_ec\\\/?s={search_term_string}\"},\"query-input\":{\"@type\":\"PropertyValueSpecification\",\"valueRequired\":true,\"valueName\":\"search_term_string\"}}],\"inLanguage\":\"de\"},{\"@type\":\"Organization\",\"@id\":\"http:\\\/\\\/fapecuador.org\\\/es_ec\\\/#organization\",\"name\":\"Fundaci\u00f3n Amazon\u00eda Productiva\",\"url\":\"http:\\\/\\\/fapecuador.org\\\/es_ec\\\/\",\"logo\":{\"@type\":\"ImageObject\",\"inLanguage\":\"de\",\"@id\":\"http:\\\/\\\/fapecuador.org\\\/es_ec\\\/#\\\/schema\\\/logo\\\/image\\\/\",\"url\":\"https:\\\/\\\/fapecuador.org\\\/wp-content\\\/uploads\\\/2022\\\/07\\\/cropped-logo-fap-2020-cop.png\",\"contentUrl\":\"https:\\\/\\\/fapecuador.org\\\/wp-content\\\/uploads\\\/2022\\\/07\\\/cropped-logo-fap-2020-cop.png\",\"width\":592,\"height\":297,\"caption\":\"Fundaci\u00f3n Amazon\u00eda Productiva\"},\"image\":{\"@id\":\"http:\\\/\\\/fapecuador.org\\\/es_ec\\\/#\\\/schema\\\/logo\\\/image\\\/\"}},{\"@type\":\"Person\",\"@id\":\"http:\\\/\\\/fapecuador.org\\\/es_ec\\\/#\\\/schema\\\/person\\\/cd2361edcfa45fa5e7d0f1c770a532a5\",\"name\":\"Maria Paula Erazo\",\"image\":{\"@type\":\"ImageObject\",\"inLanguage\":\"de\",\"@id\":\"https:\\\/\\\/secure.gravatar.com\\\/avatar\\\/d1269797a2b22a061135b1c4f8d69bb939bfb80ea976691f5df196c616425945?s=96&d=mm&r=g\",\"url\":\"https:\\\/\\\/secure.gravatar.com\\\/avatar\\\/d1269797a2b22a061135b1c4f8d69bb939bfb80ea976691f5df196c616425945?s=96&d=mm&r=g\",\"contentUrl\":\"https:\\\/\\\/secure.gravatar.com\\\/avatar\\\/d1269797a2b22a061135b1c4f8d69bb939bfb80ea976691f5df196c616425945?s=96&d=mm&r=g\",\"caption\":\"Maria Paula Erazo\"},\"url\":\"https:\\\/\\\/fapecuador.org\\\/de\\\/author\\\/mariapaula\\\/\"}]}<\/script>\n<!-- \/ Yoast SEO plugin. -->","yoast_head_json":{"title":"Reforestaci\u00f3n Empresarial: Una Soluci\u00f3n Sostenible para un Futuro Verde - Fundaci\u00f3n Amazon\u00eda Productiva","description":"\u00a1Convierte la reforestaci\u00f3n en el motor de cambio para tu empresa! \ud83c\udf31\ud83c\udf0d Descubre c\u00f3mo la reforestaci\u00f3n empresarial no solo compensa la huella de carbono, sino que tambi\u00e9n fortalece tu reputaci\u00f3n, cumple con est\u00e1ndares de sostenibilidad y genera un impacto positivo en comunidades locales.","robots":{"index":"index","follow":"follow","max-snippet":"max-snippet:-1","max-image-preview":"max-image-preview:large","max-video-preview":"max-video-preview:-1"},"canonical":"https:\/\/fapecuador.org\/de\/reforestacion-empresarial\/","og_locale":"de_DE","og_type":"article","og_title":"Reforestaci\u00f3n Empresarial: Una Soluci\u00f3n Sostenible para un Futuro Verde - Fundaci\u00f3n Amazon\u00eda Productiva","og_description":"\u00a1Convierte la reforestaci\u00f3n en el motor de cambio para tu empresa! \ud83c\udf31\ud83c\udf0d Descubre c\u00f3mo la reforestaci\u00f3n empresarial no solo compensa la huella de carbono, sino que tambi\u00e9n fortalece tu reputaci\u00f3n, cumple con est\u00e1ndares de sostenibilidad y genera un impacto positivo en comunidades locales.","og_url":"https:\/\/fapecuador.org\/de\/reforestacion-empresarial\/","og_site_name":"Fundaci\u00f3n Amazon\u00eda Productiva","article_published_time":"2025-02-27T21:37:13+00:00","article_modified_time":"2025-02-27T21:37:15+00:00","og_image":[{"width":2560,"height":1709,"url":"https:\/\/fapecuador.org\/wp-content\/uploads\/2025\/02\/pexels-mikhail-nilov-8543602-scaled.jpg","type":"image\/jpeg"}],"author":"Maria Paula Erazo","twitter_card":"summary_large_image","twitter_misc":{"Verfasst von":"Maria Paula Erazo","Gesch\u00e4tzte Lesezeit":"3\u00a0Minuten"},"schema":{"@context":"https:\/\/schema.org","@graph":[{"@type":"Article","@id":"https:\/\/fapecuador.org\/reforestacion-empresarial\/#article","isPartOf":{"@id":"https:\/\/fapecuador.org\/reforestacion-empresarial\/"},"author":{"name":"Maria Paula Erazo","@id":"http:\/\/fapecuador.org\/es_ec\/#\/schema\/person\/cd2361edcfa45fa5e7d0f1c770a532a5"},"headline":"Reforestaci\u00f3n Empresarial: Una Soluci\u00f3n Sostenible para un Futuro Verde","datePublished":"2025-02-27T21:37:13+00:00","dateModified":"2025-02-27T21:37:15+00:00","mainEntityOfPage":{"@id":"https:\/\/fapecuador.org\/reforestacion-empresarial\/"},"wordCount":452,"commentCount":0,"publisher":{"@id":"http:\/\/fapecuador.org\/es_ec\/#organization"},"image":{"@id":"https:\/\/fapecuador.org\/reforestacion-empresarial\/#primaryimage"},"thumbnailUrl":"https:\/\/fapecuador.org\/wp-content\/uploads\/2025\/02\/pexels-mikhail-nilov-8543602-scaled.jpg","keywords":["Adopta un \u00e1rbol","Ambiental","Proyectos","Social"],"articleSection":["AMBIENTAL","BLOG","COMERCIO JUSTO","CULTURAL","SOCIAL","Uncategorized"],"inLanguage":"de","potentialAction":[{"@type":"CommentAction","name":"Comment","target":["https:\/\/fapecuador.org\/reforestacion-empresarial\/#respond"]}]},{"@type":"WebPage","@id":"https:\/\/fapecuador.org\/reforestacion-empresarial\/","url":"https:\/\/fapecuador.org\/reforestacion-empresarial\/","name":"Reforestaci\u00f3n Empresarial: Una Soluci\u00f3n Sostenible para un Futuro Verde - Fundaci\u00f3n Amazon\u00eda Productiva","isPartOf":{"@id":"http:\/\/fapecuador.org\/es_ec\/#website"},"primaryImageOfPage":{"@id":"https:\/\/fapecuador.org\/reforestacion-empresarial\/#primaryimage"},"image":{"@id":"https:\/\/fapecuador.org\/reforestacion-empresarial\/#primaryimage"},"thumbnailUrl":"https:\/\/fapecuador.org\/wp-content\/uploads\/2025\/02\/pexels-mikhail-nilov-8543602-scaled.jpg","datePublished":"2025-02-27T21:37:13+00:00","dateModified":"2025-02-27T21:37:15+00:00","description":"\u00a1Convierte la reforestaci\u00f3n en el motor de cambio para tu empresa! \ud83c\udf31\ud83c\udf0d Descubre c\u00f3mo la reforestaci\u00f3n empresarial no solo compensa la huella de carbono, sino que tambi\u00e9n fortalece tu reputaci\u00f3n, cumple con est\u00e1ndares de sostenibilidad y genera un impacto positivo en comunidades locales.","breadcrumb":{"@id":"https:\/\/fapecuador.org\/reforestacion-empresarial\/#breadcrumb"},"inLanguage":"de","potentialAction":[{"@type":"ReadAction","target":["https:\/\/fapecuador.org\/reforestacion-empresarial\/"]}]},{"@type":"ImageObject","inLanguage":"de","@id":"https:\/\/fapecuador.org\/reforestacion-empresarial\/#primaryimage","url":"https:\/\/fapecuador.org\/wp-content\/uploads\/2025\/02\/pexels-mikhail-nilov-8543602-scaled.jpg","contentUrl":"https:\/\/fapecuador.org\/wp-content\/uploads\/2025\/02\/pexels-mikhail-nilov-8543602-scaled.jpg","width":2560,"height":1709},{"@type":"BreadcrumbList","@id":"https:\/\/fapecuador.org\/reforestacion-empresarial\/#breadcrumb","itemListElement":[{"@type":"ListItem","position":1,"name":"Portada","item":"https:\/\/fapecuador.org\/"},{"@type":"ListItem","position":2,"name":"Reforestaci\u00f3n Empresarial: Una Soluci\u00f3n Sostenible para un Futuro Verde"}]},{"@type":"WebSite","@id":"http:\/\/fapecuador.org\/es_ec\/#website","url":"http:\/\/fapecuador.org\/es_ec\/","name":"Fundaci\u00f3n Amazon\u00eda Productiva","description":"","publisher":{"@id":"http:\/\/fapecuador.org\/es_ec\/#organization"},"potentialAction":[{"@type":"SearchAction","target":{"@type":"EntryPoint","urlTemplate":"http:\/\/fapecuador.org\/es_ec\/?s={search_term_string}"},"query-input":{"@type":"PropertyValueSpecification","valueRequired":true,"valueName":"search_term_string"}}],"inLanguage":"de"},{"@type":"Organization","@id":"http:\/\/fapecuador.org\/es_ec\/#organization","name":"Fundaci\u00f3n Amazon\u00eda Productiva","url":"http:\/\/fapecuador.org\/es_ec\/","logo":{"@type":"ImageObject","inLanguage":"de","@id":"http:\/\/fapecuador.org\/es_ec\/#\/schema\/logo\/image\/","url":"https:\/\/fapecuador.org\/wp-content\/uploads\/2022\/07\/cropped-logo-fap-2020-cop.png","contentUrl":"https:\/\/fapecuador.org\/wp-content\/uploads\/2022\/07\/cropped-logo-fap-2020-cop.png","width":592,"height":297,"caption":"Fundaci\u00f3n Amazon\u00eda Productiva"},"image":{"@id":"http:\/\/fapecuador.org\/es_ec\/#\/schema\/logo\/image\/"}},{"@type":"Person","@id":"http:\/\/fapecuador.org\/es_ec\/#\/schema\/person\/cd2361edcfa45fa5e7d0f1c770a532a5","name":"Maria Paula Erazo","image":{"@type":"ImageObject","inLanguage":"de","@id":"https:\/\/secure.gravatar.com\/avatar\/d1269797a2b22a061135b1c4f8d69bb939bfb80ea976691f5df196c616425945?s=96&d=mm&r=g","url":"https:\/\/secure.gravatar.com\/avatar\/d1269797a2b22a061135b1c4f8d69bb939bfb80ea976691f5df196c616425945?s=96&d=mm&r=g","contentUrl":"https:\/\/secure.gravatar.com\/avatar\/d1269797a2b22a061135b1c4f8d69bb939bfb80ea976691f5df196c616425945?s=96&d=mm&r=g","caption":"Maria Paula Erazo"},"url":"https:\/\/fapecuador.org\/de\/author\/mariapaula\/"}]}},"_links":{"self":[{"href":"https:\/\/fapecuador.org\/de\/wp-json\/wp\/v2\/posts\/3703","targetHints":{"allow":["GET"]}}],"collection":[{"href":"https:\/\/fapecuador.org\/de\/wp-json\/wp\/v2\/posts"}],"about":[{"href":"https:\/\/fapecuador.org\/de\/wp-json\/wp\/v2\/types\/post"}],"author":[{"embeddable":true,"href":"https:\/\/fapecuador.org\/de\/wp-json\/wp\/v2\/users\/4"}],"replies":[{"embeddable":true,"href":"https:\/\/fapecuador.org\/de\/wp-json\/wp\/v2\/comments?post=3703"}],"version-history":[{"count":4,"href":"https:\/\/fapecuador.org\/de\/wp-json\/wp\/v2\/posts\/3703\/revisions"}],"predecessor-version":[{"id":3709,"href":"https:\/\/fapecuador.org\/de\/wp-json\/wp\/v2\/posts\/3703\/revisions\/3709"}],"wp:featuredmedia":[{"embeddable":true,"href":"https:\/\/fapecuador.org\/de\/wp-json\/wp\/v2\/media\/3704"}],"wp:attachment":[{"href":"https:\/\/fapecuador.org\/de\/wp-json\/wp\/v2\/media?parent=3703"}],"wp:term":[{"taxonomy":"category","embeddable":true,"href":"https:\/\/fapecuador.org\/de\/wp-json\/wp\/v2\/categories?post=3703"},{"taxonomy":"post_tag","embeddable":true,"href":"https:\/\/fapecuador.org\/de\/wp-json\/wp\/v2\/tags?post=3703"}],"curies":[{"name":"wp","href":"https:\/\/api.w.org\/{rel}","templated":true}]}}