{"id":3248,"date":"2024-01-02T19:32:14","date_gmt":"2024-01-02T19:32:14","guid":{"rendered":"https:\/\/fapecuador.org\/?p=3248"},"modified":"2025-09-04T16:49:08","modified_gmt":"2025-09-04T16:49:08","slug":"actualizacion-del-proyecto-compensacion-huella-carbono-y-logros-destacados","status":"publish","type":"post","link":"https:\/\/fapecuador.org\/en\/actualizacion-del-proyecto-compensacion-huella-carbono-y-logros-destacados\/","title":{"rendered":"Carbon Offset Project Update: Progress and Highlights!"},"content":{"rendered":"<div data-elementor-type=\"wp-post\" data-elementor-id=\"3248\" class=\"elementor elementor-3248\" data-elementor-post-type=\"post\">\n\t\t\t\t\t\t<section class=\"elementor-section elementor-top-section elementor-element elementor-element-3e5484b elementor-section-boxed elementor-section-height-default elementor-section-height-default\" data-id=\"3e5484b\" data-element_type=\"section\" data-e-type=\"section\">\n\t\t\t\t\t\t<div class=\"elementor-container elementor-column-gap-default\">\n\t\t\t\t\t<div class=\"elementor-column elementor-col-100 elementor-top-column elementor-element elementor-element-e388c72\" data-id=\"e388c72\" data-element_type=\"column\" data-e-type=\"column\">\n\t\t\t<div class=\"elementor-widget-wrap elementor-element-populated\">\n\t\t\t\t\t\t<div class=\"elementor-element elementor-element-537e2c4 elementor-widget elementor-widget-text-editor\" data-id=\"537e2c4\" data-element_type=\"widget\" data-e-type=\"widget\" data-widget_type=\"text-editor.default\">\n\t\t\t\t<div class=\"elementor-widget-container\">\n\t\t\t\t\t\t\t\t\t<p>We are pleased to provide an exciting update on the progress of our carbon offset project generated by tourism<span style=\"color: var( --e-global-color-text ); font-family: var( --e-global-typography-text-font-family ), Sans-serif; font-weight: var( --e-global-typography-text-font-weight ); font-size: 1rem;\">, in line with our planned schedule. To date, we have achieved significant milestones that bring us closer to our environmental and educational goals.&nbsp;<\/span><\/p>\t\t\t\t\t\t\t\t<\/div>\n\t\t\t\t<\/div>\n\t\t\t\t<div class=\"elementor-element elementor-element-7fc7c6a elementor-widget elementor-widget-text-editor\" data-id=\"7fc7c6a\" data-element_type=\"widget\" data-e-type=\"widget\" data-widget_type=\"text-editor.default\">\n\t\t\t\t<div class=\"elementor-widget-container\">\n\t\t\t\t\t\t\t\t\t<p>If you're not familiar with this project, you can learn more about it by clicking on the following link:<\/p>\t\t\t\t\t\t\t\t<\/div>\n\t\t\t\t<\/div>\n\t\t\t\t<div class=\"elementor-element elementor-element-f7e5bc4 elementor-widget elementor-widget-button\" data-id=\"f7e5bc4\" data-element_type=\"widget\" data-e-type=\"widget\" data-widget_type=\"button.default\">\n\t\t\t\t<div class=\"elementor-widget-container\">\n\t\t\t\t\t\t\t\t\t<div class=\"elementor-button-wrapper\">\n\t\t\t\t\t<a class=\"elementor-button elementor-button-link elementor-size-sm\" href=\"http:\/\/fapecuador.org\/en\/carbon-offset-project-footprint\/\">\n\t\t\t\t\t\t<span class=\"elementor-button-content-wrapper\">\n\t\t\t\t\t\t\t\t\t<span class=\"elementor-button-text\">Carbon Offset Project<\/span>\n\t\t\t\t\t<\/span>\n\t\t\t\t\t<\/a>\n\t\t\t\t<\/div>\n\t\t\t\t\t\t\t\t<\/div>\n\t\t\t\t<\/div>\n\t\t\t\t<div class=\"elementor-element elementor-element-23daaf6 elementor-widget elementor-widget-text-editor\" data-id=\"23daaf6\" data-element_type=\"widget\" data-e-type=\"widget\" data-widget_type=\"text-editor.default\">\n\t\t\t\t<div class=\"elementor-widget-container\">\n\t\t\t\t\t\t\t\t\t<p>If you're already familiar with this project,\u00a0<span style=\"color: var( --e-global-color-text ); font-family: var( --e-global-typography-text-font-family ), Sans-serif; font-weight: var( --e-global-typography-text-font-weight ); font-size: 1rem;\">Here, we present a summary of our activities and key achievements!<\/span><\/p>\t\t\t\t\t\t\t\t<\/div>\n\t\t\t\t<\/div>\n\t\t\t\t\t<\/div>\n\t\t<\/div>\n\t\t\t\t\t<\/div>\n\t\t<\/section>\n\t\t\t\t<section class=\"elementor-section elementor-top-section elementor-element elementor-element-951dc5c elementor-section-boxed elementor-section-height-default elementor-section-height-default\" data-id=\"951dc5c\" data-element_type=\"section\" data-e-type=\"section\">\n\t\t\t\t\t\t<div class=\"elementor-container elementor-column-gap-default\">\n\t\t\t\t\t<div class=\"elementor-column elementor-col-100 elementor-top-column elementor-element elementor-element-317a119\" data-id=\"317a119\" data-element_type=\"column\" data-e-type=\"column\">\n\t\t\t<div class=\"elementor-widget-wrap elementor-element-populated\">\n\t\t\t\t\t\t<div class=\"elementor-element elementor-element-614a121 elementor-widget elementor-widget-heading\" data-id=\"614a121\" data-element_type=\"widget\" data-e-type=\"widget\" data-widget_type=\"heading.default\">\n\t\t\t\t<div class=\"elementor-widget-container\">\n\t\t\t\t\t<h2 class=\"elementor-heading-title elementor-size-default\">Activities Undertaken:<\/h2>\t\t\t\t<\/div>\n\t\t\t\t<\/div>\n\t\t\t\t<section class=\"elementor-section elementor-inner-section elementor-element elementor-element-0fe8df7 elementor-section-boxed elementor-section-height-default elementor-section-height-default\" data-id=\"0fe8df7\" data-element_type=\"section\" data-e-type=\"section\">\n\t\t\t\t\t\t<div class=\"elementor-container elementor-column-gap-default\">\n\t\t\t\t\t<div class=\"elementor-column elementor-col-50 elementor-inner-column elementor-element elementor-element-ecbcbac\" data-id=\"ecbcbac\" data-element_type=\"column\" data-e-type=\"column\">\n\t\t\t<div class=\"elementor-widget-wrap elementor-element-populated\">\n\t\t\t\t\t\t<div class=\"elementor-element elementor-element-05e057f elementor-widget elementor-widget-image\" data-id=\"05e057f\" data-element_type=\"widget\" data-e-type=\"widget\" data-widget_type=\"image.default\">\n\t\t\t\t<div class=\"elementor-widget-container\">\n\t\t\t\t\t\t\t\t\t\t\t\t\t\t\t<img fetchpriority=\"high\" decoding=\"async\" width=\"208\" height=\"437\" src=\"https:\/\/fapecuador.org\/wp-content\/uploads\/2023\/07\/Diseno-sin-titulo-41.png\" class=\"attachment-large size-large wp-image-3259\" alt=\"\" srcset=\"https:\/\/fapecuador.org\/wp-content\/uploads\/2023\/07\/Diseno-sin-titulo-41.png 208w, https:\/\/fapecuador.org\/wp-content\/uploads\/2023\/07\/Diseno-sin-titulo-41-143x300.png 143w, https:\/\/fapecuador.org\/wp-content\/uploads\/2023\/07\/Diseno-sin-titulo-41-6x12.png 6w\" sizes=\"(max-width: 208px) 100vw, 208px\" \/>\t\t\t\t\t\t\t\t\t\t\t\t\t\t\t<\/div>\n\t\t\t\t<\/div>\n\t\t\t\t\t<\/div>\n\t\t<\/div>\n\t\t\t\t<div class=\"elementor-column elementor-col-50 elementor-inner-column elementor-element elementor-element-066f67f\" data-id=\"066f67f\" data-element_type=\"column\" data-e-type=\"column\">\n\t\t\t<div class=\"elementor-widget-wrap elementor-element-populated\">\n\t\t\t\t\t\t<div class=\"elementor-element elementor-element-ef9cfb0 elementor-widget elementor-widget-text-editor\" data-id=\"ef9cfb0\" data-element_type=\"widget\" data-e-type=\"widget\" data-widget_type=\"text-editor.default\">\n\t\t\t\t<div class=\"elementor-widget-container\">\n\t\t\t\t\t\t\t\t\t<ul><li><strong>Funds Received:<\/strong> On February 12, 2023, we received the long-awaited donation, officially marking the start of the project's activities. This financial support has enabled us to drive our initiatives forward and continue our valuable work.<\/li><\/ul>\t\t\t\t\t\t\t\t<\/div>\n\t\t\t\t<\/div>\n\t\t\t\t<div class=\"elementor-element elementor-element-e44460d elementor-widget elementor-widget-text-editor\" data-id=\"e44460d\" data-element_type=\"widget\" data-e-type=\"widget\" data-widget_type=\"text-editor.default\">\n\t\t\t\t<div class=\"elementor-widget-container\">\n\t\t\t\t\t\t\t\t\t<ul><li><strong>Hiring an Instructor:<\/strong> We are pleased to announce that we have hired Mr. Patricio Naranjo, a highly qualified professional with extensive experience in Agroecology and the Environment. Mr. Naranjo is joining our team as an instructor to conduct training sessions at our school. His extensive knowledge and teaching skills will ensure an enriching educational experience for all participants.<\/li><\/ul>\t\t\t\t\t\t\t\t<\/div>\n\t\t\t\t<\/div>\n\t\t\t\t\t<\/div>\n\t\t<\/div>\n\t\t\t\t\t<\/div>\n\t\t<\/section>\n\t\t\t\t\t<\/div>\n\t\t<\/div>\n\t\t\t\t\t<\/div>\n\t\t<\/section>\n\t\t\t\t<section class=\"elementor-section elementor-top-section elementor-element elementor-element-ce5d216 elementor-section-boxed elementor-section-height-default elementor-section-height-default\" data-id=\"ce5d216\" data-element_type=\"section\" data-e-type=\"section\">\n\t\t\t\t\t\t<div class=\"elementor-container elementor-column-gap-default\">\n\t\t\t\t\t<div class=\"elementor-column elementor-col-100 elementor-top-column elementor-element elementor-element-55ae15d\" data-id=\"55ae15d\" data-element_type=\"column\" data-e-type=\"column\">\n\t\t\t<div class=\"elementor-widget-wrap elementor-element-populated\">\n\t\t\t\t\t\t<section class=\"elementor-section elementor-inner-section elementor-element elementor-element-d80564b elementor-section-boxed elementor-section-height-default elementor-section-height-default\" data-id=\"d80564b\" data-element_type=\"section\" data-e-type=\"section\">\n\t\t\t\t\t\t<div class=\"elementor-container elementor-column-gap-default\">\n\t\t\t\t\t<div class=\"elementor-column elementor-col-100 elementor-inner-column elementor-element elementor-element-72e146a\" data-id=\"72e146a\" data-element_type=\"column\" data-e-type=\"column\">\n\t\t\t<div class=\"elementor-widget-wrap elementor-element-populated\">\n\t\t\t\t\t\t<div class=\"elementor-element elementor-element-3b1bbde elementor-widget elementor-widget-text-editor\" data-id=\"3b1bbde\" data-element_type=\"widget\" data-e-type=\"widget\" data-widget_type=\"text-editor.default\">\n\t\t\t\t<div class=\"elementor-widget-container\">\n\t\t\t\t\t\t\t\t\t<ul><li><strong>Training Content:<\/strong> We have carefully defined and prepared the training session content, scheduled for the last week of August. Our topics have been specifically tailored to the needs and interests of the various stakeholder groups. We have ensured that these sessions are informative, engaging, and aligned with the overall project goals.<\/li><\/ul>\t\t\t\t\t\t\t\t<\/div>\n\t\t\t\t<\/div>\n\t\t\t\t\t<\/div>\n\t\t<\/div>\n\t\t\t\t\t<\/div>\n\t\t<\/section>\n\t\t\t\t\t<\/div>\n\t\t<\/div>\n\t\t\t\t\t<\/div>\n\t\t<\/section>\n\t\t\t\t<section class=\"elementor-section elementor-top-section elementor-element elementor-element-3818dcd elementor-section-boxed elementor-section-height-default elementor-section-height-default\" data-id=\"3818dcd\" data-element_type=\"section\" data-e-type=\"section\">\n\t\t\t\t\t\t<div class=\"elementor-container elementor-column-gap-default\">\n\t\t\t\t\t<div class=\"elementor-column elementor-col-100 elementor-top-column elementor-element elementor-element-177bb20\" data-id=\"177bb20\" data-element_type=\"column\" data-e-type=\"column\">\n\t\t\t<div class=\"elementor-widget-wrap elementor-element-populated\">\n\t\t\t\t\t\t<section class=\"elementor-section elementor-inner-section elementor-element elementor-element-b89e93f elementor-section-boxed elementor-section-height-default elementor-section-height-default\" data-id=\"b89e93f\" data-element_type=\"section\" data-e-type=\"section\">\n\t\t\t\t\t\t<div class=\"elementor-container elementor-column-gap-default\">\n\t\t\t\t\t<div class=\"elementor-column elementor-col-100 elementor-inner-column elementor-element elementor-element-c41f625\" data-id=\"c41f625\" data-element_type=\"column\" data-e-type=\"column\">\n\t\t\t<div class=\"elementor-widget-wrap elementor-element-populated\">\n\t\t\t\t\t\t<div class=\"elementor-element elementor-element-32c380b elementor-widget elementor-widget-text-editor\" data-id=\"32c380b\" data-element_type=\"widget\" data-e-type=\"widget\" data-widget_type=\"text-editor.default\">\n\t\t\t\t<div class=\"elementor-widget-container\">\n\t\t\t\t\t\t\t\t\t<ul><li><strong>Greenhouse Inauguration:<\/strong> We are thrilled to announce that the greenhouse was officially inaugurated on June 9, 2023! After a meticulous construction and equipping process, this space has become a conducive environment for hands-on learning and the application of sustainable farming techniques. The attached photographs at the end of this article capture the beauty and success of our greenhouse.<\/li><\/ul>\t\t\t\t\t\t\t\t<\/div>\n\t\t\t\t<\/div>\n\t\t\t\t\t<\/div>\n\t\t<\/div>\n\t\t\t\t\t<\/div>\n\t\t<\/section>\n\t\t\t\t\t<\/div>\n\t\t<\/div>\n\t\t\t\t\t<\/div>\n\t\t<\/section>\n\t\t\t\t<section class=\"elementor-section elementor-top-section elementor-element elementor-element-e0067fe elementor-section-boxed elementor-section-height-default elementor-section-height-default\" data-id=\"e0067fe\" data-element_type=\"section\" data-e-type=\"section\">\n\t\t\t\t\t\t<div class=\"elementor-container elementor-column-gap-default\">\n\t\t\t\t\t<div class=\"elementor-column elementor-col-100 elementor-top-column elementor-element elementor-element-93402a5\" data-id=\"93402a5\" data-element_type=\"column\" data-e-type=\"column\">\n\t\t\t<div class=\"elementor-widget-wrap elementor-element-populated\">\n\t\t\t\t\t\t<section class=\"elementor-section elementor-inner-section elementor-element elementor-element-c1cbaf9 elementor-section-boxed elementor-section-height-default elementor-section-height-default\" data-id=\"c1cbaf9\" data-element_type=\"section\" data-e-type=\"section\">\n\t\t\t\t\t\t<div class=\"elementor-container elementor-column-gap-default\">\n\t\t\t\t\t<div class=\"elementor-column elementor-col-50 elementor-inner-column elementor-element elementor-element-51ff241\" data-id=\"51ff241\" data-element_type=\"column\" data-e-type=\"column\">\n\t\t\t<div class=\"elementor-widget-wrap elementor-element-populated\">\n\t\t\t\t\t\t<div class=\"elementor-element elementor-element-a88b8dc elementor-widget elementor-widget-text-editor\" data-id=\"a88b8dc\" data-element_type=\"widget\" data-e-type=\"widget\" data-widget_type=\"text-editor.default\">\n\t\t\t\t<div class=\"elementor-widget-container\">\n\t\t\t\t\t\t\t\t\t<ul><li><strong>Commencement of Productive Activities:<\/strong> In this exciting step forward, we have initiated the process of germinating various seeds in the greenhouse. Our aim is to obtain healthy seedlings that will be transplanted in December. This advancement marks a significant milestone in our project, bringing us closer to the crucial stage of planting and cultivating the plants.<\/li><\/ul>\t\t\t\t\t\t\t\t<\/div>\n\t\t\t\t<\/div>\n\t\t\t\t\t<\/div>\n\t\t<\/div>\n\t\t\t\t<div class=\"elementor-column elementor-col-50 elementor-inner-column elementor-element elementor-element-38c8573\" data-id=\"38c8573\" data-element_type=\"column\" data-e-type=\"column\">\n\t\t\t<div class=\"elementor-widget-wrap elementor-element-populated\">\n\t\t\t\t\t\t<div class=\"elementor-element elementor-element-46983fc elementor-widget elementor-widget-image\" data-id=\"46983fc\" data-element_type=\"widget\" data-e-type=\"widget\" data-widget_type=\"image.default\">\n\t\t\t\t<div class=\"elementor-widget-container\">\n\t\t\t\t\t\t\t\t\t\t\t\t\t\t\t<img decoding=\"async\" width=\"336\" height=\"299\" src=\"https:\/\/fapecuador.org\/wp-content\/uploads\/2023\/07\/Diseno-sin-titulo-40.png\" class=\"attachment-large size-large wp-image-3258\" alt=\"\" srcset=\"https:\/\/fapecuador.org\/wp-content\/uploads\/2023\/07\/Diseno-sin-titulo-40.png 336w, https:\/\/fapecuador.org\/wp-content\/uploads\/2023\/07\/Diseno-sin-titulo-40-300x267.png 300w, https:\/\/fapecuador.org\/wp-content\/uploads\/2023\/07\/Diseno-sin-titulo-40-13x12.png 13w\" sizes=\"(max-width: 336px) 100vw, 336px\" \/>\t\t\t\t\t\t\t\t\t\t\t\t\t\t\t<\/div>\n\t\t\t\t<\/div>\n\t\t\t\t\t<\/div>\n\t\t<\/div>\n\t\t\t\t\t<\/div>\n\t\t<\/section>\n\t\t\t\t\t<\/div>\n\t\t<\/div>\n\t\t\t\t\t<\/div>\n\t\t<\/section>\n\t\t\t\t<section class=\"elementor-section elementor-top-section elementor-element elementor-element-808255f elementor-section-boxed elementor-section-height-default elementor-section-height-default\" data-id=\"808255f\" data-element_type=\"section\" data-e-type=\"section\">\n\t\t\t\t\t\t<div class=\"elementor-container elementor-column-gap-default\">\n\t\t\t\t\t<div class=\"elementor-column elementor-col-100 elementor-top-column elementor-element elementor-element-577c1fe\" data-id=\"577c1fe\" data-element_type=\"column\" data-e-type=\"column\">\n\t\t\t<div class=\"elementor-widget-wrap elementor-element-populated\">\n\t\t\t\t\t\t<section class=\"elementor-section elementor-inner-section elementor-element elementor-element-c71f13b elementor-section-boxed elementor-section-height-default elementor-section-height-default\" data-id=\"c71f13b\" data-element_type=\"section\" data-e-type=\"section\">\n\t\t\t\t\t\t<div class=\"elementor-container elementor-column-gap-default\">\n\t\t\t\t\t<div class=\"elementor-column elementor-col-50 elementor-inner-column elementor-element elementor-element-8ed6ec9\" data-id=\"8ed6ec9\" data-element_type=\"column\" data-e-type=\"column\">\n\t\t\t<div class=\"elementor-widget-wrap elementor-element-populated\">\n\t\t\t\t\t\t<div class=\"elementor-element elementor-element-82b53cd elementor-widget elementor-widget-image\" data-id=\"82b53cd\" data-element_type=\"widget\" data-e-type=\"widget\" data-widget_type=\"image.default\">\n\t\t\t\t<div class=\"elementor-widget-container\">\n\t\t\t\t\t\t\t\t\t\t\t\t\t\t\t<img decoding=\"async\" width=\"220\" height=\"400\" src=\"https:\/\/fapecuador.org\/wp-content\/uploads\/2023\/07\/Diseno-sin-titulo-45.png\" class=\"attachment-large size-large wp-image-3343\" alt=\"\" srcset=\"https:\/\/fapecuador.org\/wp-content\/uploads\/2023\/07\/Diseno-sin-titulo-45.png 220w, https:\/\/fapecuador.org\/wp-content\/uploads\/2023\/07\/Diseno-sin-titulo-45-165x300.png 165w, https:\/\/fapecuador.org\/wp-content\/uploads\/2023\/07\/Diseno-sin-titulo-45-7x12.png 7w\" sizes=\"(max-width: 220px) 100vw, 220px\" \/>\t\t\t\t\t\t\t\t\t\t\t\t\t\t\t<\/div>\n\t\t\t\t<\/div>\n\t\t\t\t\t<\/div>\n\t\t<\/div>\n\t\t\t\t<div class=\"elementor-column elementor-col-50 elementor-inner-column elementor-element elementor-element-a0b21a5\" data-id=\"a0b21a5\" data-element_type=\"column\" data-e-type=\"column\">\n\t\t\t<div class=\"elementor-widget-wrap elementor-element-populated\">\n\t\t\t\t\t\t<div class=\"elementor-element elementor-element-169f695 elementor-widget elementor-widget-text-editor\" data-id=\"169f695\" data-element_type=\"widget\" data-e-type=\"widget\" data-widget_type=\"text-editor.default\">\n\t\t\t\t<div class=\"elementor-widget-container\">\n\t\t\t\t\t\t\t\t\t<ul><li><strong>Tree Planting in Gal\u00e1pagos:<\/strong> As part of our participatory approach, we offer all visitors to the highlands of Santa Cruz the opportunity to personally plant a tree. We are pleased to report that several groups have already had the opportunity to actively contribute to this reforestation effort. Soon, we will share photographs capturing those special moments.<\/li><\/ul>\t\t\t\t\t\t\t\t<\/div>\n\t\t\t\t<\/div>\n\t\t\t\t<div class=\"elementor-element elementor-element-d006203 elementor-widget elementor-widget-text-editor\" data-id=\"d006203\" data-element_type=\"widget\" data-e-type=\"widget\" data-widget_type=\"text-editor.default\">\n\t\t\t\t<div class=\"elementor-widget-container\">\n\t\t\t\t\t\t\t\t\t<ul><li><strong>Certificates for Participants:<\/strong> Para reconocer y agradecer a los viajeros que han visitado Ecuador a trav\u00e9s de Kimkim, hemos emitido un total de 287 certificados. Estos certificados garantizan que un \u00e1rbol ser\u00e1 plantado en nombre de cada viajero, demostrando su valiosa contribuci\u00f3n a este proyecto ambiental.<\/li><\/ul>\t\t\t\t\t\t\t\t<\/div>\n\t\t\t\t<\/div>\n\t\t\t\t\t<\/div>\n\t\t<\/div>\n\t\t\t\t\t<\/div>\n\t\t<\/section>\n\t\t\t\t\t<\/div>\n\t\t<\/div>\n\t\t\t\t\t<\/div>\n\t\t<\/section>\n\t\t\t\t<section class=\"elementor-section elementor-top-section elementor-element elementor-element-2d85c45 elementor-section-boxed elementor-section-height-default elementor-section-height-default\" data-id=\"2d85c45\" data-element_type=\"section\" data-e-type=\"section\">\n\t\t\t\t\t\t<div class=\"elementor-container elementor-column-gap-default\">\n\t\t\t\t\t<div class=\"elementor-column elementor-col-50 elementor-top-column elementor-element elementor-element-3f3c016\" data-id=\"3f3c016\" data-element_type=\"column\" data-e-type=\"column\">\n\t\t\t<div class=\"elementor-widget-wrap\">\n\t\t\t\t\t\t\t<\/div>\n\t\t<\/div>\n\t\t\t\t<div class=\"elementor-column elementor-col-50 elementor-top-column elementor-element elementor-element-ec184c0\" data-id=\"ec184c0\" data-element_type=\"column\" data-e-type=\"column\">\n\t\t\t<div class=\"elementor-widget-wrap elementor-element-populated\">\n\t\t\t\t\t\t<div class=\"elementor-element elementor-element-4ebdb19 elementor-widget__width-initial elementor-widget elementor-widget-text-editor\" data-id=\"4ebdb19\" data-element_type=\"widget\" data-e-type=\"widget\" data-widget_type=\"text-editor.default\">\n\t\t\t\t<div class=\"elementor-widget-container\">\n\t\t\t\t\t\t\t\t\t<p>Currently, the greenhouse is in full production and use. They also had the chance to observe the operation of the nursery where the species intended for the reforestation project are nurtured and protected. Furthermore, they witnessed the active involvement of the students, who utilize the facilities and are deeply engaged in their learning process.<\/p><p>The warmth and hospitality of our students and the educational authorities were evident throughout the visit. Finally, they were shown the land that had been devastated by the 2019 fire, which is scheduled to be rehabilitated through tree planting in December 2023, thanks to the invaluable support of our sponsors.<\/p>\t\t\t\t\t\t\t\t<\/div>\n\t\t\t\t<\/div>\n\t\t\t\t\t<\/div>\n\t\t<\/div>\n\t\t\t\t\t<\/div>\n\t\t<\/section>\n\t\t\t\t<section class=\"elementor-section elementor-top-section elementor-element elementor-element-356a248 elementor-section-boxed elementor-section-height-default elementor-section-height-default\" data-id=\"356a248\" data-element_type=\"section\" data-e-type=\"section\">\n\t\t\t\t\t\t<div class=\"elementor-container elementor-column-gap-default\">\n\t\t\t\t\t<div class=\"elementor-column elementor-col-100 elementor-top-column elementor-element elementor-element-34b7125\" data-id=\"34b7125\" data-element_type=\"column\" data-e-type=\"column\">\n\t\t\t<div class=\"elementor-widget-wrap elementor-element-populated\">\n\t\t\t\t\t\t<div class=\"elementor-element elementor-element-2c9206d elementor-widget elementor-widget-text-editor\" data-id=\"2c9206d\" data-element_type=\"widget\" data-e-type=\"widget\" data-widget_type=\"text-editor.default\">\n\t\t\t\t<div class=\"elementor-widget-container\">\n\t\t\t\t\t\t\t\t\t<ul><li><strong>Environmental Education Talks:<\/strong> On August 25th, two highly successful environmental education talks were held at the Miguel Antoliano Salinas Educational Unit, targeting children, adolescents, and community members. These enriching talks covered fundamental topics for the conservation of our local flora and fauna, highlighting the factors threatening their survival, emphasizing the crucial importance of conservation, and providing practical ways to reduce our environmental impact. These activities had a positive impact on a total of 50 elementary school children, 49 high school students, 15 dedicated teachers, and 6 community representatives. In addition to the valuable information shared, school supplies were distributed to all students, and a small refreshment was provided, fostering an environment of enriching and collaborative learning.<\/li><\/ul>\t\t\t\t\t\t\t\t<\/div>\n\t\t\t\t<\/div>\n\t\t\t\t<div class=\"elementor-element elementor-element-9fc998d elementor-skin-carousel elementor-arrows-yes elementor-pagination-type-bullets elementor-pagination-position-outside elementor-widget elementor-widget-media-carousel\" data-id=\"9fc998d\" data-element_type=\"widget\" data-e-type=\"widget\" data-settings=\"{&quot;skin&quot;:&quot;carousel&quot;,&quot;effect&quot;:&quot;slide&quot;,&quot;show_arrows&quot;:&quot;yes&quot;,&quot;pagination&quot;:&quot;bullets&quot;,&quot;speed&quot;:500,&quot;autoplay&quot;:&quot;yes&quot;,&quot;autoplay_speed&quot;:5000,&quot;loop&quot;:&quot;yes&quot;,&quot;pause_on_hover&quot;:&quot;yes&quot;,&quot;pause_on_interaction&quot;:&quot;yes&quot;,&quot;space_between&quot;:{&quot;unit&quot;:&quot;px&quot;,&quot;size&quot;:10,&quot;sizes&quot;:[]},&quot;space_between_tablet&quot;:{&quot;unit&quot;:&quot;px&quot;,&quot;size&quot;:10,&quot;sizes&quot;:[]},&quot;space_between_mobile&quot;:{&quot;unit&quot;:&quot;px&quot;,&quot;size&quot;:10,&quot;sizes&quot;:[]}}\" data-widget_type=\"media-carousel.default\">\n\t\t\t\t<div class=\"elementor-widget-container\">\n\t\t\t\t\t\t\t\t\t<div class=\"elementor-swiper\">\r\n\t\t\t\t\t<div class=\"elementor-main-swiper swiper\" role=\"region\" aria-roledescription=\"carousel\" aria-label=\"Slides\">\r\n\t\t\t\t<div class=\"swiper-wrapper\">\r\n\t\t\t\t\t\t\t\t\t\t\t<div class=\"swiper-slide\" role=\"group\" aria-roledescription=\"slide\">\r\n\t\t\t\t\t\t\t\t\t<div class=\"elementor-carousel-image\" role=\"img\" aria-label=\"20230825_103533\" style=\"background-image: url(&#039;https:\/\/fapecuador.org\/wp-content\/uploads\/2023\/09\/20230825_103533-scaled.jpg&#039;)\">\r\n\r\n\t\t\t\r\n\t\t\t\t\t<\/div>\r\n\t\t\t\t\t\t\t\t<\/div>\r\n\t\t\t\t\t\t\t\t\t\t\t<div class=\"swiper-slide\" role=\"group\" aria-roledescription=\"slide\">\r\n\t\t\t\t\t\t\t\t\t<div class=\"elementor-carousel-image\" role=\"img\" aria-label=\"20230825_093132\" style=\"background-image: url(&#039;https:\/\/fapecuador.org\/wp-content\/uploads\/2023\/09\/20230825_093132-scaled.jpg&#039;)\">\r\n\r\n\t\t\t\r\n\t\t\t\t\t<\/div>\r\n\t\t\t\t\t\t\t\t<\/div>\r\n\t\t\t\t\t\t\t\t\t\t\t<div class=\"swiper-slide\" role=\"group\" aria-roledescription=\"slide\">\r\n\t\t\t\t\t\t\t\t\t<div class=\"elementor-carousel-image\" role=\"img\" aria-label=\"20230825_121734\" style=\"background-image: url(&#039;https:\/\/fapecuador.org\/wp-content\/uploads\/2023\/09\/20230825_121734-scaled.jpg&#039;)\">\r\n\r\n\t\t\t\r\n\t\t\t\t\t<\/div>\r\n\t\t\t\t\t\t\t\t<\/div>\r\n\t\t\t\t\t\t\t\t\t\t\t<div class=\"swiper-slide\" role=\"group\" aria-roledescription=\"slide\">\r\n\t\t\t\t\t\t\t\t\t<div class=\"elementor-carousel-image\" role=\"img\" aria-label=\"20230825_121523 (1)\" style=\"background-image: url(&#039;https:\/\/fapecuador.org\/wp-content\/uploads\/2023\/09\/20230825_121523-1-scaled.jpg&#039;)\">\r\n\r\n\t\t\t\r\n\t\t\t\t\t<\/div>\r\n\t\t\t\t\t\t\t\t<\/div>\r\n\t\t\t\t\t\t\t\t\t\t\t<div class=\"swiper-slide\" role=\"group\" aria-roledescription=\"slide\">\r\n\t\t\t\t\t\t\t\t\t<div class=\"elementor-carousel-image\" role=\"img\" aria-label=\"20230825_125027 (1)\" style=\"background-image: url(&#039;https:\/\/fapecuador.org\/wp-content\/uploads\/2023\/09\/20230825_125027-1-scaled.jpg&#039;)\">\r\n\r\n\t\t\t\r\n\t\t\t\t\t<\/div>\r\n\t\t\t\t\t\t\t\t<\/div>\r\n\t\t\t\t\t\t\t\t\t\t\t<div class=\"swiper-slide\" role=\"group\" aria-roledescription=\"slide\">\r\n\t\t\t\t\t\t\t\t\t<div class=\"elementor-carousel-image\" role=\"img\" aria-label=\"20230825_091646\" style=\"background-image: url(&#039;https:\/\/fapecuador.org\/wp-content\/uploads\/2023\/09\/20230825_091646-scaled.jpg&#039;)\">\r\n\r\n\t\t\t\r\n\t\t\t\t\t<\/div>\r\n\t\t\t\t\t\t\t\t<\/div>\r\n\t\t\t\t\t\t\t\t\t\t\t<div class=\"swiper-slide\" role=\"group\" aria-roledescription=\"slide\">\r\n\t\t\t\t\t\t\t\t\t<div class=\"elementor-carousel-image\" role=\"img\" aria-label=\"20230825_092725\" style=\"background-image: url(&#039;https:\/\/fapecuador.org\/wp-content\/uploads\/2023\/09\/20230825_092725-scaled.jpg&#039;)\">\r\n\r\n\t\t\t\r\n\t\t\t\t\t<\/div>\r\n\t\t\t\t\t\t\t\t<\/div>\r\n\t\t\t\t\t\t\t\t\t\t\t<div class=\"swiper-slide\" role=\"group\" aria-roledescription=\"slide\">\r\n\t\t\t\t\t\t\t\t\t<div class=\"elementor-carousel-image\" role=\"img\" aria-label=\"20230825_112624\" style=\"background-image: url(&#039;https:\/\/fapecuador.org\/wp-content\/uploads\/2023\/09\/20230825_112624-scaled.jpg&#039;)\">\r\n\r\n\t\t\t\r\n\t\t\t\t\t<\/div>\r\n\t\t\t\t\t\t\t\t<\/div>\r\n\t\t\t\t\t\t\t\t\t<\/div>\r\n\t\t\t\t\t\t\t\t\t\t\t\t\t\t\t<div class=\"elementor-swiper-button elementor-swiper-button-prev\" role=\"button\" tabindex=\"0\" aria-label=\"Previous\" data-no-translation-aria-label=\"\">\r\n\t\t\t\t\t\t\t<i aria-hidden=\"true\" class=\"eicon-chevron-left\"><\/i>\t\t\t\t\t\t<\/div>\r\n\t\t\t\t\t\t<div class=\"elementor-swiper-button elementor-swiper-button-next\" role=\"button\" tabindex=\"0\" aria-label=\"Next\" data-no-translation-aria-label=\"\">\r\n\t\t\t\t\t\t\t<i aria-hidden=\"true\" class=\"eicon-chevron-right\"><\/i>\t\t\t\t\t\t<\/div>\r\n\t\t\t\t\t\t\t\t\t\t\t\t\t\t\t\t<div class=\"swiper-pagination\"><\/div>\r\n\t\t\t\t\t\t\t\t\t\t\t\t<\/div>\r\n\t\t\t\t<\/div>\r\n\t\t\t\t\t\t\t\t<\/div>\n\t\t\t\t<\/div>\n\t\t\t\t\t<\/div>\n\t\t<\/div>\n\t\t\t\t\t<\/div>\n\t\t<\/section>\n\t\t\t\t<section class=\"elementor-section elementor-top-section elementor-element elementor-element-94c575e elementor-section-boxed elementor-section-height-default elementor-section-height-default\" data-id=\"94c575e\" data-element_type=\"section\" data-e-type=\"section\">\n\t\t\t\t\t\t<div class=\"elementor-container elementor-column-gap-default\">\n\t\t\t\t\t<div class=\"elementor-column elementor-col-100 elementor-top-column elementor-element elementor-element-03869e6\" data-id=\"03869e6\" data-element_type=\"column\" data-e-type=\"column\">\n\t\t\t<div class=\"elementor-widget-wrap elementor-element-populated\">\n\t\t\t\t\t\t<div class=\"elementor-element elementor-element-793fd5d elementor-widget elementor-widget-text-editor\" data-id=\"793fd5d\" data-element_type=\"widget\" data-e-type=\"widget\" data-widget_type=\"text-editor.default\">\n\t\t\t\t<div class=\"elementor-widget-container\">\n\t\t\t\t\t\t\t\t\t<ul><li><strong>Siembra en San Antonio de las Aradas:<\/strong> En un esfuerzo comunitario notable, durante la jornada del 26 al 28 de diciembre de 2023, en San Antonio de las Aradas se llev\u00f3 a cabo la siembra de 2262 \u00e1rboles, marcando un hito significativo para la localidad. Esta jornada de siembra fue posible gracias al apoyo de seis personas comprometidas de la comunidad, quienes dedicaron sus esfuerzos para hacer realidad la iniciativa. Cabe destacar que la preparaci\u00f3n del terreno, que incluy\u00f3 la creaci\u00f3n de los huecos necesarios para la siembra, se llev\u00f3 a cabo de manera meticulosa durante los meses de octubre y noviembre. La plantaci\u00f3n masiva de \u00e1rboles no solo contribuye a la preservaci\u00f3n del entorno, sino que tambi\u00e9n fortalece el sentido de unidad y responsabilidad ambiental en la comunidad de San Antonio de las Aradas.<\/li><\/ul>\t\t\t\t\t\t\t\t<\/div>\n\t\t\t\t<\/div>\n\t\t\t\t<div class=\"elementor-element elementor-element-31a0fc9 elementor-skin-carousel elementor-arrows-yes elementor-pagination-type-bullets elementor-pagination-position-outside elementor-widget elementor-widget-media-carousel\" data-id=\"31a0fc9\" data-element_type=\"widget\" data-e-type=\"widget\" data-settings=\"{&quot;skin&quot;:&quot;carousel&quot;,&quot;effect&quot;:&quot;slide&quot;,&quot;show_arrows&quot;:&quot;yes&quot;,&quot;pagination&quot;:&quot;bullets&quot;,&quot;speed&quot;:500,&quot;autoplay&quot;:&quot;yes&quot;,&quot;autoplay_speed&quot;:5000,&quot;loop&quot;:&quot;yes&quot;,&quot;pause_on_hover&quot;:&quot;yes&quot;,&quot;pause_on_interaction&quot;:&quot;yes&quot;,&quot;space_between&quot;:{&quot;unit&quot;:&quot;px&quot;,&quot;size&quot;:10,&quot;sizes&quot;:[]},&quot;space_between_tablet&quot;:{&quot;unit&quot;:&quot;px&quot;,&quot;size&quot;:10,&quot;sizes&quot;:[]},&quot;space_between_mobile&quot;:{&quot;unit&quot;:&quot;px&quot;,&quot;size&quot;:10,&quot;sizes&quot;:[]}}\" data-widget_type=\"media-carousel.default\">\n\t\t\t\t<div class=\"elementor-widget-container\">\n\t\t\t\t\t\t\t\t\t<div class=\"elementor-swiper\">\r\n\t\t\t\t\t<div class=\"elementor-main-swiper swiper\" role=\"region\" aria-roledescription=\"carousel\" aria-label=\"Slides\">\r\n\t\t\t\t<div class=\"swiper-wrapper\">\r\n\t\t\t\t\t\t\t\t\t\t\t<div class=\"swiper-slide\" role=\"group\" aria-roledescription=\"slide\">\r\n\t\t\t\t\t\t\t\t\t<div class=\"elementor-carousel-image\" role=\"img\" aria-label=\"DSCN0142\" style=\"background-image: url(&#039;https:\/\/fapecuador.org\/wp-content\/uploads\/2023\/12\/DSCN0142-scaled.jpg&#039;)\">\r\n\r\n\t\t\t\r\n\t\t\t\t\t<\/div>\r\n\t\t\t\t\t\t\t\t<\/div>\r\n\t\t\t\t\t\t\t\t\t\t\t<div class=\"swiper-slide\" role=\"group\" aria-roledescription=\"slide\">\r\n\t\t\t\t\t\t\t\t\t<div class=\"elementor-carousel-image\" role=\"img\" aria-label=\"DSCN0258\" style=\"background-image: url(&#039;https:\/\/fapecuador.org\/wp-content\/uploads\/2023\/12\/DSCN0258-scaled.jpg&#039;)\">\r\n\r\n\t\t\t\r\n\t\t\t\t\t<\/div>\r\n\t\t\t\t\t\t\t\t<\/div>\r\n\t\t\t\t\t\t\t\t\t\t\t<div class=\"swiper-slide\" role=\"group\" aria-roledescription=\"slide\">\r\n\t\t\t\t\t\t\t\t\t<div class=\"elementor-carousel-image\" role=\"img\" aria-label=\"DSCN0246\" style=\"background-image: url(&#039;https:\/\/fapecuador.org\/wp-content\/uploads\/2023\/12\/DSCN0246-scaled.jpg&#039;)\">\r\n\r\n\t\t\t\r\n\t\t\t\t\t<\/div>\r\n\t\t\t\t\t\t\t\t<\/div>\r\n\t\t\t\t\t\t\t\t\t\t\t<div class=\"swiper-slide\" role=\"group\" aria-roledescription=\"slide\">\r\n\t\t\t\t\t\t\t\t\t<div class=\"elementor-carousel-image\" role=\"img\" aria-label=\"DSCN0263\" style=\"background-image: url(&#039;https:\/\/fapecuador.org\/wp-content\/uploads\/2023\/12\/DSCN0263-scaled.jpg&#039;)\">\r\n\r\n\t\t\t\r\n\t\t\t\t\t<\/div>\r\n\t\t\t\t\t\t\t\t<\/div>\r\n\t\t\t\t\t\t\t\t\t\t\t<div class=\"swiper-slide\" role=\"group\" aria-roledescription=\"slide\">\r\n\t\t\t\t\t\t\t\t\t<div class=\"elementor-carousel-image\" role=\"img\" aria-label=\"IMG_9124 (1)\" style=\"background-image: url(&#039;https:\/\/fapecuador.org\/wp-content\/uploads\/2023\/12\/IMG_9124-1-scaled.jpg&#039;)\">\r\n\r\n\t\t\t\r\n\t\t\t\t\t<\/div>\r\n\t\t\t\t\t\t\t\t<\/div>\r\n\t\t\t\t\t\t\t\t\t\t\t<div class=\"swiper-slide\" role=\"group\" aria-roledescription=\"slide\">\r\n\t\t\t\t\t\t\t\t\t<div class=\"elementor-carousel-image\" role=\"img\" aria-label=\"IMG_4454\" style=\"background-image: url(&#039;https:\/\/fapecuador.org\/wp-content\/uploads\/2023\/12\/IMG_4454-scaled.jpg&#039;)\">\r\n\r\n\t\t\t\r\n\t\t\t\t\t<\/div>\r\n\t\t\t\t\t\t\t\t<\/div>\r\n\t\t\t\t\t\t\t\t\t<\/div>\r\n\t\t\t\t\t\t\t\t\t\t\t\t\t\t\t<div class=\"elementor-swiper-button elementor-swiper-button-prev\" role=\"button\" tabindex=\"0\" aria-label=\"Previous\" data-no-translation-aria-label=\"\">\r\n\t\t\t\t\t\t\t<i aria-hidden=\"true\" class=\"eicon-chevron-left\"><\/i>\t\t\t\t\t\t<\/div>\r\n\t\t\t\t\t\t<div class=\"elementor-swiper-button elementor-swiper-button-next\" role=\"button\" tabindex=\"0\" aria-label=\"Next\" data-no-translation-aria-label=\"\">\r\n\t\t\t\t\t\t\t<i aria-hidden=\"true\" class=\"eicon-chevron-right\"><\/i>\t\t\t\t\t\t<\/div>\r\n\t\t\t\t\t\t\t\t\t\t\t\t\t\t\t\t<div class=\"swiper-pagination\"><\/div>\r\n\t\t\t\t\t\t\t\t\t\t\t\t<\/div>\r\n\t\t\t\t<\/div>\r\n\t\t\t\t\t\t\t\t<\/div>\n\t\t\t\t<\/div>\n\t\t\t\t\t<\/div>\n\t\t<\/div>\n\t\t\t\t\t<\/div>\n\t\t<\/section>\n\t\t\t\t<section class=\"elementor-section elementor-top-section elementor-element elementor-element-a4bc8e2 elementor-section-boxed elementor-section-height-default elementor-section-height-default\" data-id=\"a4bc8e2\" data-element_type=\"section\" data-e-type=\"section\">\n\t\t\t\t\t\t<div class=\"elementor-container elementor-column-gap-default\">\n\t\t\t\t\t<div class=\"elementor-column elementor-col-100 elementor-top-column elementor-element elementor-element-8e5d33f\" data-id=\"8e5d33f\" data-element_type=\"column\" data-e-type=\"column\">\n\t\t\t<div class=\"elementor-widget-wrap elementor-element-populated\">\n\t\t\t\t\t\t<div class=\"elementor-element elementor-element-66f88c1 elementor-widget elementor-widget-text-editor\" data-id=\"66f88c1\" data-element_type=\"widget\" data-e-type=\"widget\" data-widget_type=\"text-editor.default\">\n\t\t\t\t<div class=\"elementor-widget-container\">\n\t\t\t\t\t\t\t\t\t<p>We take pride in the progress we have achieved so far and want to thank everyone involved for their continued support in initiatives like these to offset carbon footprint.<span style=\"color: var( --e-global-color-text ); font-family: var( --e-global-typography-text-font-family ), Sans-serif; font-weight: var( --e-global-typography-text-font-weight ); font-size: 1rem;\">Our team is committed to continuing to work hard to meet our goals and preserve the natural beauty of Gal\u00e1pagos.<\/span><\/p>\t\t\t\t\t\t\t\t<\/div>\n\t\t\t\t<\/div>\n\t\t\t\t\t<\/div>\n\t\t<\/div>\n\t\t\t\t\t<\/div>\n\t\t<\/section>\n\t\t\t\t<section class=\"elementor-section elementor-top-section elementor-element elementor-element-175c562 elementor-section-boxed elementor-section-height-default elementor-section-height-default\" data-id=\"175c562\" data-element_type=\"section\" data-e-type=\"section\">\n\t\t\t\t\t\t<div class=\"elementor-container elementor-column-gap-default\">\n\t\t\t\t\t<div class=\"elementor-column elementor-col-100 elementor-top-column elementor-element elementor-element-54bfd4b\" data-id=\"54bfd4b\" data-element_type=\"column\" data-e-type=\"column\">\n\t\t\t<div class=\"elementor-widget-wrap elementor-element-populated\">\n\t\t\t\t\t\t<div class=\"elementor-element elementor-element-7da996e elementor-widget elementor-widget-text-editor\" data-id=\"7da996e\" data-element_type=\"widget\" data-e-type=\"widget\" data-widget_type=\"text-editor.default\">\n\t\t\t\t<div class=\"elementor-widget-container\">\n\t\t\t\t\t\t\t\t\t<p>Stay tuned for future updates as we continue on our journey towards successful reforestation and a sustainable future!<\/p>\t\t\t\t\t\t\t\t<\/div>\n\t\t\t\t<\/div>\n\t\t\t\t\t<\/div>\n\t\t<\/div>\n\t\t\t\t\t<\/div>\n\t\t<\/section>\n\t\t\t\t<section class=\"elementor-section elementor-top-section elementor-element elementor-element-5d1c1ce elementor-section-boxed elementor-section-height-default elementor-section-height-default\" data-id=\"5d1c1ce\" data-element_type=\"section\" data-e-type=\"section\">\n\t\t\t\t\t\t<div class=\"elementor-container elementor-column-gap-default\">\n\t\t\t\t\t<div class=\"elementor-column elementor-col-100 elementor-top-column elementor-element elementor-element-208c926\" data-id=\"208c926\" data-element_type=\"column\" data-e-type=\"column\">\n\t\t\t<div class=\"elementor-widget-wrap elementor-element-populated\">\n\t\t\t\t\t\t<div class=\"elementor-element elementor-element-1d737b3 elementor-widget elementor-widget-image\" data-id=\"1d737b3\" data-element_type=\"widget\" data-e-type=\"widget\" data-widget_type=\"image.default\">\n\t\t\t\t<div class=\"elementor-widget-container\">\n\t\t\t\t\t\t\t\t\t\t\t\t\t\t\t<img loading=\"lazy\" decoding=\"async\" width=\"800\" height=\"467\" src=\"https:\/\/fapecuador.org\/wp-content\/uploads\/2023\/07\/IMG_3377-e1690918135478-1024x598.jpeg\" class=\"attachment-large size-large wp-image-3257\" alt=\"\" srcset=\"https:\/\/fapecuador.org\/wp-content\/uploads\/2023\/07\/IMG_3377-e1690918135478-1024x598.jpeg 1024w, https:\/\/fapecuador.org\/wp-content\/uploads\/2023\/07\/IMG_3377-e1690918135478-300x175.jpeg 300w, https:\/\/fapecuador.org\/wp-content\/uploads\/2023\/07\/IMG_3377-e1690918135478-768x448.jpeg 768w, https:\/\/fapecuador.org\/wp-content\/uploads\/2023\/07\/IMG_3377-e1690918135478-1536x897.jpeg 1536w, https:\/\/fapecuador.org\/wp-content\/uploads\/2023\/07\/IMG_3377-e1690918135478-18x12.jpeg 18w, https:\/\/fapecuador.org\/wp-content\/uploads\/2023\/07\/IMG_3377-e1690918135478-600x350.jpeg 600w, https:\/\/fapecuador.org\/wp-content\/uploads\/2023\/07\/IMG_3377-e1690918135478.jpeg 2042w\" sizes=\"(max-width: 800px) 100vw, 800px\" \/>\t\t\t\t\t\t\t\t\t\t\t\t\t\t\t<\/div>\n\t\t\t\t<\/div>\n\t\t\t\t\t<\/div>\n\t\t<\/div>\n\t\t\t\t\t<\/div>\n\t\t<\/section>\n\t\t\t\t<\/div>","protected":false},"excerpt":{"rendered":"<p>Nos complace proporcionar una emocionante actualizaci\u00f3n sobre el progreso de nuestro proyecto de compensaci\u00f3n de huella de carbono generado por turismo, en l\u00ednea con nuestro cronograma planificado. Hasta la fecha, hemos logrado importantes hitos que nos acercan cada vez m\u00e1s a nuestros objetivos ambientales y educativos.&nbsp; Si no sabes de qu\u00e9 se trata este proyecto, [&hellip;]<\/p>\n","protected":false},"author":4,"featured_media":3257,"comment_status":"open","ping_status":"open","sticky":false,"template":"","format":"standard","meta":{"footnotes":""},"categories":[28,25,44,29,1],"tags":[],"class_list":["post-3248","post","type-post","status-publish","format-standard","has-post-thumbnail","hentry","category-ambiental","category-blog","category-cultural","category-social","category-uncategorized"],"yoast_head":"<!-- This site is optimized with the Yoast SEO plugin v27.5 - https:\/\/yoast.com\/product\/yoast-seo-wordpress\/ -->\n<title>Actualizaci\u00f3n Compensaci\u00f3n de Huella de Carbono - FAP<\/title>\n<meta name=\"description\" content=\"Esta es una actualizaci\u00f3n sobre el progreso de nuestro proyecto de compensaci\u00f3n de huella de carbono generado por turismo.\" \/>\n<meta name=\"robots\" content=\"index, follow, max-snippet:-1, max-image-preview:large, max-video-preview:-1\" \/>\n<link rel=\"canonical\" href=\"https:\/\/fapecuador.org\/en\/actualizacion-del-proyecto-compensacion-huella-carbono-y-logros-destacados\/\" \/>\n<meta property=\"og:locale\" content=\"en_US\" \/>\n<meta property=\"og:type\" content=\"article\" \/>\n<meta property=\"og:title\" content=\"Actualizaci\u00f3n Compensaci\u00f3n de Huella de Carbono - FAP\" \/>\n<meta property=\"og:description\" content=\"Esta es una actualizaci\u00f3n sobre el progreso de nuestro proyecto de compensaci\u00f3n de huella de carbono generado por turismo.\" \/>\n<meta property=\"og:url\" content=\"https:\/\/fapecuador.org\/en\/actualizacion-del-proyecto-compensacion-huella-carbono-y-logros-destacados\/\" \/>\n<meta property=\"og:site_name\" content=\"Fundaci\u00f3n Amazon\u00eda Productiva\" \/>\n<meta property=\"article:published_time\" content=\"2024-01-02T19:32:14+00:00\" \/>\n<meta property=\"article:modified_time\" content=\"2025-09-04T16:49:08+00:00\" \/>\n<meta property=\"og:image\" content=\"https:\/\/fapecuador.org\/wp-content\/uploads\/2023\/07\/IMG_3377-e1690918135478.jpeg\" \/>\n\t<meta property=\"og:image:width\" content=\"2042\" \/>\n\t<meta property=\"og:image:height\" content=\"1192\" \/>\n\t<meta property=\"og:image:type\" content=\"image\/jpeg\" \/>\n<meta name=\"author\" content=\"Maria Paula Erazo\" \/>\n<meta name=\"twitter:card\" content=\"summary_large_image\" \/>\n<meta name=\"twitter:label1\" content=\"Written by\" \/>\n\t<meta name=\"twitter:data1\" content=\"Maria Paula Erazo\" \/>\n\t<meta name=\"twitter:label2\" content=\"Est. reading time\" \/>\n\t<meta name=\"twitter:data2\" content=\"6 minutes\" \/>\n<script type=\"application\/ld+json\" class=\"yoast-schema-graph\">{\"@context\":\"https:\\\/\\\/schema.org\",\"@graph\":[{\"@type\":\"Article\",\"@id\":\"https:\\\/\\\/fapecuador.org\\\/actualizacion-del-proyecto-compensacion-huella-carbono-y-logros-destacados\\\/#article\",\"isPartOf\":{\"@id\":\"https:\\\/\\\/fapecuador.org\\\/actualizacion-del-proyecto-compensacion-huella-carbono-y-logros-destacados\\\/\"},\"author\":{\"name\":\"Maria Paula Erazo\",\"@id\":\"http:\\\/\\\/fapecuador.org\\\/es_ec\\\/#\\\/schema\\\/person\\\/cd2361edcfa45fa5e7d0f1c770a532a5\"},\"headline\":\"\u00a1Actualizaci\u00f3n del Proyecto Carbon Offset: Avances y Logros Destacados!\",\"datePublished\":\"2024-01-02T19:32:14+00:00\",\"dateModified\":\"2025-09-04T16:49:08+00:00\",\"mainEntityOfPage\":{\"@id\":\"https:\\\/\\\/fapecuador.org\\\/actualizacion-del-proyecto-compensacion-huella-carbono-y-logros-destacados\\\/\"},\"wordCount\":977,\"commentCount\":0,\"publisher\":{\"@id\":\"http:\\\/\\\/fapecuador.org\\\/es_ec\\\/#organization\"},\"image\":{\"@id\":\"https:\\\/\\\/fapecuador.org\\\/actualizacion-del-proyecto-compensacion-huella-carbono-y-logros-destacados\\\/#primaryimage\"},\"thumbnailUrl\":\"https:\\\/\\\/fapecuador.org\\\/wp-content\\\/uploads\\\/2023\\\/07\\\/IMG_3377-e1690918135478.jpeg\",\"articleSection\":[\"AMBIENTAL\",\"BLOG\",\"CULTURAL\",\"SOCIAL\"],\"inLanguage\":\"en-US\",\"potentialAction\":[{\"@type\":\"CommentAction\",\"name\":\"Comment\",\"target\":[\"https:\\\/\\\/fapecuador.org\\\/actualizacion-del-proyecto-compensacion-huella-carbono-y-logros-destacados\\\/#respond\"]}]},{\"@type\":\"WebPage\",\"@id\":\"https:\\\/\\\/fapecuador.org\\\/actualizacion-del-proyecto-compensacion-huella-carbono-y-logros-destacados\\\/\",\"url\":\"https:\\\/\\\/fapecuador.org\\\/actualizacion-del-proyecto-compensacion-huella-carbono-y-logros-destacados\\\/\",\"name\":\"Actualizaci\u00f3n Compensaci\u00f3n de Huella de Carbono - FAP\",\"isPartOf\":{\"@id\":\"http:\\\/\\\/fapecuador.org\\\/es_ec\\\/#website\"},\"primaryImageOfPage\":{\"@id\":\"https:\\\/\\\/fapecuador.org\\\/actualizacion-del-proyecto-compensacion-huella-carbono-y-logros-destacados\\\/#primaryimage\"},\"image\":{\"@id\":\"https:\\\/\\\/fapecuador.org\\\/actualizacion-del-proyecto-compensacion-huella-carbono-y-logros-destacados\\\/#primaryimage\"},\"thumbnailUrl\":\"https:\\\/\\\/fapecuador.org\\\/wp-content\\\/uploads\\\/2023\\\/07\\\/IMG_3377-e1690918135478.jpeg\",\"datePublished\":\"2024-01-02T19:32:14+00:00\",\"dateModified\":\"2025-09-04T16:49:08+00:00\",\"description\":\"Esta es una actualizaci\u00f3n sobre el progreso de nuestro proyecto de compensaci\u00f3n de huella de carbono generado por turismo.\",\"breadcrumb\":{\"@id\":\"https:\\\/\\\/fapecuador.org\\\/actualizacion-del-proyecto-compensacion-huella-carbono-y-logros-destacados\\\/#breadcrumb\"},\"inLanguage\":\"en-US\",\"potentialAction\":[{\"@type\":\"ReadAction\",\"target\":[\"https:\\\/\\\/fapecuador.org\\\/actualizacion-del-proyecto-compensacion-huella-carbono-y-logros-destacados\\\/\"]}]},{\"@type\":\"ImageObject\",\"inLanguage\":\"en-US\",\"@id\":\"https:\\\/\\\/fapecuador.org\\\/actualizacion-del-proyecto-compensacion-huella-carbono-y-logros-destacados\\\/#primaryimage\",\"url\":\"https:\\\/\\\/fapecuador.org\\\/wp-content\\\/uploads\\\/2023\\\/07\\\/IMG_3377-e1690918135478.jpeg\",\"contentUrl\":\"https:\\\/\\\/fapecuador.org\\\/wp-content\\\/uploads\\\/2023\\\/07\\\/IMG_3377-e1690918135478.jpeg\",\"width\":2042,\"height\":1192},{\"@type\":\"BreadcrumbList\",\"@id\":\"https:\\\/\\\/fapecuador.org\\\/actualizacion-del-proyecto-compensacion-huella-carbono-y-logros-destacados\\\/#breadcrumb\",\"itemListElement\":[{\"@type\":\"ListItem\",\"position\":1,\"name\":\"Portada\",\"item\":\"https:\\\/\\\/fapecuador.org\\\/\"},{\"@type\":\"ListItem\",\"position\":2,\"name\":\"\u00a1Actualizaci\u00f3n del Proyecto Carbon Offset: Avances y Logros Destacados!\"}]},{\"@type\":\"WebSite\",\"@id\":\"http:\\\/\\\/fapecuador.org\\\/es_ec\\\/#website\",\"url\":\"http:\\\/\\\/fapecuador.org\\\/es_ec\\\/\",\"name\":\"Fundaci\u00f3n Amazon\u00eda Productiva\",\"description\":\"\",\"publisher\":{\"@id\":\"http:\\\/\\\/fapecuador.org\\\/es_ec\\\/#organization\"},\"potentialAction\":[{\"@type\":\"SearchAction\",\"target\":{\"@type\":\"EntryPoint\",\"urlTemplate\":\"http:\\\/\\\/fapecuador.org\\\/es_ec\\\/?s={search_term_string}\"},\"query-input\":{\"@type\":\"PropertyValueSpecification\",\"valueRequired\":true,\"valueName\":\"search_term_string\"}}],\"inLanguage\":\"en-US\"},{\"@type\":\"Organization\",\"@id\":\"http:\\\/\\\/fapecuador.org\\\/es_ec\\\/#organization\",\"name\":\"Fundaci\u00f3n Amazon\u00eda Productiva\",\"url\":\"http:\\\/\\\/fapecuador.org\\\/es_ec\\\/\",\"logo\":{\"@type\":\"ImageObject\",\"inLanguage\":\"en-US\",\"@id\":\"http:\\\/\\\/fapecuador.org\\\/es_ec\\\/#\\\/schema\\\/logo\\\/image\\\/\",\"url\":\"https:\\\/\\\/fapecuador.org\\\/wp-content\\\/uploads\\\/2022\\\/07\\\/cropped-logo-fap-2020-cop.png\",\"contentUrl\":\"https:\\\/\\\/fapecuador.org\\\/wp-content\\\/uploads\\\/2022\\\/07\\\/cropped-logo-fap-2020-cop.png\",\"width\":592,\"height\":297,\"caption\":\"Fundaci\u00f3n Amazon\u00eda Productiva\"},\"image\":{\"@id\":\"http:\\\/\\\/fapecuador.org\\\/es_ec\\\/#\\\/schema\\\/logo\\\/image\\\/\"}},{\"@type\":\"Person\",\"@id\":\"http:\\\/\\\/fapecuador.org\\\/es_ec\\\/#\\\/schema\\\/person\\\/cd2361edcfa45fa5e7d0f1c770a532a5\",\"name\":\"Maria Paula Erazo\",\"image\":{\"@type\":\"ImageObject\",\"inLanguage\":\"en-US\",\"@id\":\"https:\\\/\\\/secure.gravatar.com\\\/avatar\\\/d1269797a2b22a061135b1c4f8d69bb939bfb80ea976691f5df196c616425945?s=96&d=mm&r=g\",\"url\":\"https:\\\/\\\/secure.gravatar.com\\\/avatar\\\/d1269797a2b22a061135b1c4f8d69bb939bfb80ea976691f5df196c616425945?s=96&d=mm&r=g\",\"contentUrl\":\"https:\\\/\\\/secure.gravatar.com\\\/avatar\\\/d1269797a2b22a061135b1c4f8d69bb939bfb80ea976691f5df196c616425945?s=96&d=mm&r=g\",\"caption\":\"Maria Paula Erazo\"},\"url\":\"https:\\\/\\\/fapecuador.org\\\/en\\\/author\\\/mariapaula\\\/\"}]}<\/script>\n<!-- \/ Yoast SEO plugin. -->","yoast_head_json":{"title":"Actualizaci\u00f3n Compensaci\u00f3n de Huella de Carbono - FAP","description":"Esta es una actualizaci\u00f3n sobre el progreso de nuestro proyecto de compensaci\u00f3n de huella de carbono generado por turismo.","robots":{"index":"index","follow":"follow","max-snippet":"max-snippet:-1","max-image-preview":"max-image-preview:large","max-video-preview":"max-video-preview:-1"},"canonical":"https:\/\/fapecuador.org\/en\/actualizacion-del-proyecto-compensacion-huella-carbono-y-logros-destacados\/","og_locale":"en_US","og_type":"article","og_title":"Actualizaci\u00f3n Compensaci\u00f3n de Huella de Carbono - FAP","og_description":"Esta es una actualizaci\u00f3n sobre el progreso de nuestro proyecto de compensaci\u00f3n de huella de carbono generado por turismo.","og_url":"https:\/\/fapecuador.org\/en\/actualizacion-del-proyecto-compensacion-huella-carbono-y-logros-destacados\/","og_site_name":"Fundaci\u00f3n Amazon\u00eda Productiva","article_published_time":"2024-01-02T19:32:14+00:00","article_modified_time":"2025-09-04T16:49:08+00:00","og_image":[{"width":2042,"height":1192,"url":"https:\/\/fapecuador.org\/wp-content\/uploads\/2023\/07\/IMG_3377-e1690918135478.jpeg","type":"image\/jpeg"}],"author":"Maria Paula Erazo","twitter_card":"summary_large_image","twitter_misc":{"Written by":"Maria Paula Erazo","Est. reading time":"6 minutes"},"schema":{"@context":"https:\/\/schema.org","@graph":[{"@type":"Article","@id":"https:\/\/fapecuador.org\/actualizacion-del-proyecto-compensacion-huella-carbono-y-logros-destacados\/#article","isPartOf":{"@id":"https:\/\/fapecuador.org\/actualizacion-del-proyecto-compensacion-huella-carbono-y-logros-destacados\/"},"author":{"name":"Maria Paula Erazo","@id":"http:\/\/fapecuador.org\/es_ec\/#\/schema\/person\/cd2361edcfa45fa5e7d0f1c770a532a5"},"headline":"\u00a1Actualizaci\u00f3n del Proyecto Carbon Offset: Avances y Logros Destacados!","datePublished":"2024-01-02T19:32:14+00:00","dateModified":"2025-09-04T16:49:08+00:00","mainEntityOfPage":{"@id":"https:\/\/fapecuador.org\/actualizacion-del-proyecto-compensacion-huella-carbono-y-logros-destacados\/"},"wordCount":977,"commentCount":0,"publisher":{"@id":"http:\/\/fapecuador.org\/es_ec\/#organization"},"image":{"@id":"https:\/\/fapecuador.org\/actualizacion-del-proyecto-compensacion-huella-carbono-y-logros-destacados\/#primaryimage"},"thumbnailUrl":"https:\/\/fapecuador.org\/wp-content\/uploads\/2023\/07\/IMG_3377-e1690918135478.jpeg","articleSection":["AMBIENTAL","BLOG","CULTURAL","SOCIAL"],"inLanguage":"en-US","potentialAction":[{"@type":"CommentAction","name":"Comment","target":["https:\/\/fapecuador.org\/actualizacion-del-proyecto-compensacion-huella-carbono-y-logros-destacados\/#respond"]}]},{"@type":"WebPage","@id":"https:\/\/fapecuador.org\/actualizacion-del-proyecto-compensacion-huella-carbono-y-logros-destacados\/","url":"https:\/\/fapecuador.org\/actualizacion-del-proyecto-compensacion-huella-carbono-y-logros-destacados\/","name":"Actualizaci\u00f3n Compensaci\u00f3n de Huella de Carbono - FAP","isPartOf":{"@id":"http:\/\/fapecuador.org\/es_ec\/#website"},"primaryImageOfPage":{"@id":"https:\/\/fapecuador.org\/actualizacion-del-proyecto-compensacion-huella-carbono-y-logros-destacados\/#primaryimage"},"image":{"@id":"https:\/\/fapecuador.org\/actualizacion-del-proyecto-compensacion-huella-carbono-y-logros-destacados\/#primaryimage"},"thumbnailUrl":"https:\/\/fapecuador.org\/wp-content\/uploads\/2023\/07\/IMG_3377-e1690918135478.jpeg","datePublished":"2024-01-02T19:32:14+00:00","dateModified":"2025-09-04T16:49:08+00:00","description":"Esta es una actualizaci\u00f3n sobre el progreso de nuestro proyecto de compensaci\u00f3n de huella de carbono generado por turismo.","breadcrumb":{"@id":"https:\/\/fapecuador.org\/actualizacion-del-proyecto-compensacion-huella-carbono-y-logros-destacados\/#breadcrumb"},"inLanguage":"en-US","potentialAction":[{"@type":"ReadAction","target":["https:\/\/fapecuador.org\/actualizacion-del-proyecto-compensacion-huella-carbono-y-logros-destacados\/"]}]},{"@type":"ImageObject","inLanguage":"en-US","@id":"https:\/\/fapecuador.org\/actualizacion-del-proyecto-compensacion-huella-carbono-y-logros-destacados\/#primaryimage","url":"https:\/\/fapecuador.org\/wp-content\/uploads\/2023\/07\/IMG_3377-e1690918135478.jpeg","contentUrl":"https:\/\/fapecuador.org\/wp-content\/uploads\/2023\/07\/IMG_3377-e1690918135478.jpeg","width":2042,"height":1192},{"@type":"BreadcrumbList","@id":"https:\/\/fapecuador.org\/actualizacion-del-proyecto-compensacion-huella-carbono-y-logros-destacados\/#breadcrumb","itemListElement":[{"@type":"ListItem","position":1,"name":"Portada","item":"https:\/\/fapecuador.org\/"},{"@type":"ListItem","position":2,"name":"\u00a1Actualizaci\u00f3n del Proyecto Carbon Offset: Avances y Logros Destacados!"}]},{"@type":"WebSite","@id":"http:\/\/fapecuador.org\/es_ec\/#website","url":"http:\/\/fapecuador.org\/es_ec\/","name":"Fundaci\u00f3n Amazon\u00eda Productiva","description":"","publisher":{"@id":"http:\/\/fapecuador.org\/es_ec\/#organization"},"potentialAction":[{"@type":"SearchAction","target":{"@type":"EntryPoint","urlTemplate":"http:\/\/fapecuador.org\/es_ec\/?s={search_term_string}"},"query-input":{"@type":"PropertyValueSpecification","valueRequired":true,"valueName":"search_term_string"}}],"inLanguage":"en-US"},{"@type":"Organization","@id":"http:\/\/fapecuador.org\/es_ec\/#organization","name":"Fundaci\u00f3n Amazon\u00eda Productiva","url":"http:\/\/fapecuador.org\/es_ec\/","logo":{"@type":"ImageObject","inLanguage":"en-US","@id":"http:\/\/fapecuador.org\/es_ec\/#\/schema\/logo\/image\/","url":"https:\/\/fapecuador.org\/wp-content\/uploads\/2022\/07\/cropped-logo-fap-2020-cop.png","contentUrl":"https:\/\/fapecuador.org\/wp-content\/uploads\/2022\/07\/cropped-logo-fap-2020-cop.png","width":592,"height":297,"caption":"Fundaci\u00f3n Amazon\u00eda Productiva"},"image":{"@id":"http:\/\/fapecuador.org\/es_ec\/#\/schema\/logo\/image\/"}},{"@type":"Person","@id":"http:\/\/fapecuador.org\/es_ec\/#\/schema\/person\/cd2361edcfa45fa5e7d0f1c770a532a5","name":"Maria Paula Erazo","image":{"@type":"ImageObject","inLanguage":"en-US","@id":"https:\/\/secure.gravatar.com\/avatar\/d1269797a2b22a061135b1c4f8d69bb939bfb80ea976691f5df196c616425945?s=96&d=mm&r=g","url":"https:\/\/secure.gravatar.com\/avatar\/d1269797a2b22a061135b1c4f8d69bb939bfb80ea976691f5df196c616425945?s=96&d=mm&r=g","contentUrl":"https:\/\/secure.gravatar.com\/avatar\/d1269797a2b22a061135b1c4f8d69bb939bfb80ea976691f5df196c616425945?s=96&d=mm&r=g","caption":"Maria Paula Erazo"},"url":"https:\/\/fapecuador.org\/en\/author\/mariapaula\/"}]}},"_links":{"self":[{"href":"https:\/\/fapecuador.org\/en\/wp-json\/wp\/v2\/posts\/3248","targetHints":{"allow":["GET"]}}],"collection":[{"href":"https:\/\/fapecuador.org\/en\/wp-json\/wp\/v2\/posts"}],"about":[{"href":"https:\/\/fapecuador.org\/en\/wp-json\/wp\/v2\/types\/post"}],"author":[{"embeddable":true,"href":"https:\/\/fapecuador.org\/en\/wp-json\/wp\/v2\/users\/4"}],"replies":[{"embeddable":true,"href":"https:\/\/fapecuador.org\/en\/wp-json\/wp\/v2\/comments?post=3248"}],"version-history":[{"count":39,"href":"https:\/\/fapecuador.org\/en\/wp-json\/wp\/v2\/posts\/3248\/revisions"}],"predecessor-version":[{"id":3826,"href":"https:\/\/fapecuador.org\/en\/wp-json\/wp\/v2\/posts\/3248\/revisions\/3826"}],"wp:featuredmedia":[{"embeddable":true,"href":"https:\/\/fapecuador.org\/en\/wp-json\/wp\/v2\/media\/3257"}],"wp:attachment":[{"href":"https:\/\/fapecuador.org\/en\/wp-json\/wp\/v2\/media?parent=3248"}],"wp:term":[{"taxonomy":"category","embeddable":true,"href":"https:\/\/fapecuador.org\/en\/wp-json\/wp\/v2\/categories?post=3248"},{"taxonomy":"post_tag","embeddable":true,"href":"https:\/\/fapecuador.org\/en\/wp-json\/wp\/v2\/tags?post=3248"}],"curies":[{"name":"wp","href":"https:\/\/api.w.org\/{rel}","templated":true}]}}