{"id":1751,"date":"2020-10-10T11:54:00","date_gmt":"2020-10-10T11:54:00","guid":{"rendered":"https:\/\/fapecuador.org\/?p=1751"},"modified":"2022-11-18T21:44:10","modified_gmt":"2022-11-18T21:44:10","slug":"responsible-travel-ecuador-y-la-fundacion-amazonia-productiva-unidos-por-un-planeta-mejor-2","status":"publish","type":"post","link":"https:\/\/fapecuador.org\/es_ec\/responsible-travel-ecuador-y-la-fundacion-amazonia-productiva-unidos-por-un-planeta-mejor-2\/","title":{"rendered":"Responsible Travel Ecuador y la Fundaci\u00f3n Amazon\u00eda Productiva unidos por un planeta mejor"},"content":{"rendered":"\t\t<div data-elementor-type=\"wp-post\" data-elementor-id=\"1751\" class=\"elementor elementor-1751\" data-elementor-post-type=\"post\">\n\t\t\t\t\t\t<section class=\"elementor-section elementor-top-section elementor-element elementor-element-4d4c19c elementor-section-boxed elementor-section-height-default elementor-section-height-default\" data-id=\"4d4c19c\" data-element_type=\"section\" data-e-type=\"section\">\n\t\t\t\t\t\t<div class=\"elementor-container elementor-column-gap-default\">\n\t\t\t\t\t<div class=\"elementor-column elementor-col-100 elementor-top-column elementor-element elementor-element-066a3e5\" data-id=\"066a3e5\" data-element_type=\"column\" data-e-type=\"column\">\n\t\t\t<div class=\"elementor-widget-wrap elementor-element-populated\">\n\t\t\t\t\t\t<div class=\"elementor-element elementor-element-85c861a elementor-widget elementor-widget-text-editor\" data-id=\"85c861a\" data-element_type=\"widget\" data-e-type=\"widget\" data-widget_type=\"text-editor.default\">\n\t\t\t\t<div class=\"elementor-widget-container\">\n\t\t\t\t\t\t\t\t\t<p>Responsible Travel EC es una Tour Operadora Ecuatoriana especialista en Ecuador y Gal\u00e1pagos para fascinantes tours culturales y de aventura en los Andes; relajantes vacaciones en la playa, en las arenas de la costa del pac\u00edfico; viajes al misterioso mundo verde de la selva amaz\u00f3nica; c\u00f3modo alojamiento en hotel en las principales ciudades; y cruceros que viajan a trav\u00e9s de las encantadoras Islas Gal\u00e1pagos.<\/p><p><strong>Sus destinos de turismo incluyen:<\/strong><br \/><em>\u2013 Ecuador e Islas Gal\u00e1pagos<\/em><em><br \/><\/em><em>\u2013 Colombia<\/em><em><br \/><\/em><em>\u2013 Per\u00fa<\/em><em><br \/><\/em><em>\u2013 Bolivia<\/em><\/p><p>Con cada tour tomado, el viajero y Responsible Travel aportan a los proyectos de FAP, creando un bucle de ayuda social y ambiental. Actualmente Responsible Travel EC es el auspiciante principal del Programa Social Chaka- (Auspicio de Educaci\u00f3n Secundaria a J\u00f3venes Shuar en Morona Santiago-Ecuador) y es parte del proyecto \u201cAdopta un \u00c1rbol\u201d que FAP est\u00e1 desarrollando en la provincia de Loja, \u00a0al sur de Ecuador.<\/p><p>Responsible Travel es una operadora de tours basada en Quito-Ecuador, ofreciendo tours y servicios con responsabilidad ambiental y social, desde el trabajo en sus oficinas, hasta los viajeros que escogen sus programas responsables de turismo.<\/p><p>Siendo parte de los programas de Fundaci\u00f3n Amazon\u00eda Productiva, apoya a la lucha contra el Cambio Clim\u00e1tico y adicionalmente contribuye a mejorar la econom\u00eda de las familias locales que nos ayudan con la reproducci\u00f3n de los \u00e1rboles nativos, la plantaci\u00f3n y cuidado de los mismos.<\/p>\t\t\t\t\t\t\t\t<\/div>\n\t\t\t\t<\/div>\n\t\t\t\t\t<\/div>\n\t\t<\/div>\n\t\t\t\t\t<\/div>\n\t\t<\/section>\n\t\t\t\t<section class=\"elementor-section elementor-top-section elementor-element elementor-element-5257cdd elementor-section-boxed elementor-section-height-default elementor-section-height-default\" data-id=\"5257cdd\" data-element_type=\"section\" data-e-type=\"section\">\n\t\t\t\t\t\t<div class=\"elementor-container elementor-column-gap-default\">\n\t\t\t\t\t<div class=\"elementor-column elementor-col-100 elementor-top-column elementor-element elementor-element-7dfc877\" data-id=\"7dfc877\" data-element_type=\"column\" data-e-type=\"column\">\n\t\t\t<div class=\"elementor-widget-wrap elementor-element-populated\">\n\t\t\t\t\t\t<div class=\"elementor-element elementor-element-b2f92d4 elementor-widget elementor-widget-image\" data-id=\"b2f92d4\" data-element_type=\"widget\" data-e-type=\"widget\" data-widget_type=\"image.default\">\n\t\t\t\t<div class=\"elementor-widget-container\">\n\t\t\t\t\t\t\t\t\t\t\t\t\t\t\t<img fetchpriority=\"high\" decoding=\"async\" width=\"800\" height=\"534\" src=\"https:\/\/fapecuador.org\/wp-content\/uploads\/2022\/07\/WhatsApp-Image-2021-03-11-at-09.14.17-1-1-1024x683.jpeg\" class=\"attachment-large size-large wp-image-724\" alt=\"\" srcset=\"https:\/\/fapecuador.org\/wp-content\/uploads\/2022\/07\/WhatsApp-Image-2021-03-11-at-09.14.17-1-1-1024x683.jpeg 1024w, https:\/\/fapecuador.org\/wp-content\/uploads\/2022\/07\/WhatsApp-Image-2021-03-11-at-09.14.17-1-1-600x400.jpeg 600w, https:\/\/fapecuador.org\/wp-content\/uploads\/2022\/07\/WhatsApp-Image-2021-03-11-at-09.14.17-1-1-300x200.jpeg 300w, https:\/\/fapecuador.org\/wp-content\/uploads\/2022\/07\/WhatsApp-Image-2021-03-11-at-09.14.17-1-1-768x512.jpeg 768w, https:\/\/fapecuador.org\/wp-content\/uploads\/2022\/07\/WhatsApp-Image-2021-03-11-at-09.14.17-1-1.jpeg 1086w\" sizes=\"(max-width: 800px) 100vw, 800px\" \/>\t\t\t\t\t\t\t\t\t\t\t\t\t\t\t<\/div>\n\t\t\t\t<\/div>\n\t\t\t\t\t<\/div>\n\t\t<\/div>\n\t\t\t\t\t<\/div>\n\t\t<\/section>\n\t\t\t\t<\/div>\n\t\t","protected":false},"excerpt":{"rendered":"<p>Responsible Travel EC es una Tour Operadora Ecuatoriana especialista en Ecuador y Gal\u00e1pagos para fascinantes tours culturales y de aventura en los Andes; relajantes vacaciones en la playa, en las arenas de la costa del pac\u00edfico; viajes al misterioso mundo verde de la selva amaz\u00f3nica; c\u00f3modo alojamiento en hotel en las principales ciudades; y cruceros [&hellip;]<\/p>\n","protected":false},"author":4,"featured_media":0,"comment_status":"open","ping_status":"open","sticky":true,"template":"","format":"standard","meta":{"footnotes":""},"categories":[1],"tags":[],"class_list":["post-1751","post","type-post","status-publish","format-standard","hentry","category-uncategorized"],"yoast_head":"<!-- This site is optimized with the Yoast SEO plugin v27.5 - https:\/\/yoast.com\/product\/yoast-seo-wordpress\/ -->\n<title>Responsible Travel Ecuador y la Fundaci\u00f3n Amazon\u00eda Productiva unidos por un planeta mejor - Fundaci\u00f3n Amazon\u00eda Productiva<\/title>\n<meta name=\"robots\" content=\"index, follow, max-snippet:-1, max-image-preview:large, max-video-preview:-1\" \/>\n<link rel=\"canonical\" href=\"https:\/\/fapecuador.org\/es_ec\/responsible-travel-ecuador-y-la-fundacion-amazonia-productiva-unidos-por-un-planeta-mejor-2\/\" \/>\n<meta property=\"og:locale\" content=\"es_ES\" \/>\n<meta property=\"og:type\" content=\"article\" \/>\n<meta property=\"og:title\" content=\"Responsible Travel Ecuador y la Fundaci\u00f3n Amazon\u00eda Productiva unidos por un planeta mejor - Fundaci\u00f3n Amazon\u00eda Productiva\" \/>\n<meta property=\"og:description\" content=\"Responsible Travel EC es una Tour Operadora Ecuatoriana especialista en Ecuador y Gal\u00e1pagos para fascinantes tours culturales y de aventura en los Andes; relajantes vacaciones en la playa, en las arenas de la costa del pac\u00edfico; viajes al misterioso mundo verde de la selva amaz\u00f3nica; c\u00f3modo alojamiento en hotel en las principales ciudades; y cruceros [&hellip;]\" \/>\n<meta property=\"og:url\" content=\"https:\/\/fapecuador.org\/es_ec\/responsible-travel-ecuador-y-la-fundacion-amazonia-productiva-unidos-por-un-planeta-mejor-2\/\" \/>\n<meta property=\"og:site_name\" content=\"Fundaci\u00f3n Amazon\u00eda Productiva\" \/>\n<meta property=\"article:published_time\" content=\"2020-10-10T11:54:00+00:00\" \/>\n<meta property=\"article:modified_time\" content=\"2022-11-18T21:44:10+00:00\" \/>\n<meta property=\"og:image\" content=\"https:\/\/fapecuador.org\/wp-content\/uploads\/2022\/07\/WhatsApp-Image-2021-03-11-at-09.14.17-1-1-1024x683.jpeg\" \/>\n<meta name=\"author\" content=\"Maria Paula Erazo\" \/>\n<meta name=\"twitter:card\" content=\"summary_large_image\" \/>\n<meta name=\"twitter:label1\" content=\"Escrito por\" \/>\n\t<meta name=\"twitter:data1\" content=\"Maria Paula Erazo\" \/>\n\t<meta name=\"twitter:label2\" content=\"Tiempo de lectura\" \/>\n\t<meta name=\"twitter:data2\" content=\"2 minutos\" \/>\n<script type=\"application\/ld+json\" class=\"yoast-schema-graph\">{\"@context\":\"https:\\\/\\\/schema.org\",\"@graph\":[{\"@type\":\"Article\",\"@id\":\"https:\\\/\\\/fapecuador.org\\\/responsible-travel-ecuador-y-la-fundacion-amazonia-productiva-unidos-por-un-planeta-mejor-2\\\/#article\",\"isPartOf\":{\"@id\":\"https:\\\/\\\/fapecuador.org\\\/responsible-travel-ecuador-y-la-fundacion-amazonia-productiva-unidos-por-un-planeta-mejor-2\\\/\"},\"author\":{\"name\":\"Maria Paula Erazo\",\"@id\":\"http:\\\/\\\/fapecuador.org\\\/es_ec\\\/#\\\/schema\\\/person\\\/cd2361edcfa45fa5e7d0f1c770a532a5\"},\"headline\":\"Responsible Travel Ecuador y la Fundaci\u00f3n Amazon\u00eda Productiva unidos por un planeta mejor\",\"datePublished\":\"2020-10-10T11:54:00+00:00\",\"dateModified\":\"2022-11-18T21:44:10+00:00\",\"mainEntityOfPage\":{\"@id\":\"https:\\\/\\\/fapecuador.org\\\/responsible-travel-ecuador-y-la-fundacion-amazonia-productiva-unidos-por-un-planeta-mejor-2\\\/\"},\"wordCount\":253,\"commentCount\":0,\"publisher\":{\"@id\":\"http:\\\/\\\/fapecuador.org\\\/es_ec\\\/#organization\"},\"image\":{\"@id\":\"https:\\\/\\\/fapecuador.org\\\/responsible-travel-ecuador-y-la-fundacion-amazonia-productiva-unidos-por-un-planeta-mejor-2\\\/#primaryimage\"},\"thumbnailUrl\":\"https:\\\/\\\/fapecuador.org\\\/wp-content\\\/uploads\\\/2022\\\/07\\\/WhatsApp-Image-2021-03-11-at-09.14.17-1-1-1024x683.jpeg\",\"articleSection\":[\"Uncategorized\"],\"inLanguage\":\"es\",\"potentialAction\":[{\"@type\":\"CommentAction\",\"name\":\"Comment\",\"target\":[\"https:\\\/\\\/fapecuador.org\\\/responsible-travel-ecuador-y-la-fundacion-amazonia-productiva-unidos-por-un-planeta-mejor-2\\\/#respond\"]}]},{\"@type\":\"WebPage\",\"@id\":\"https:\\\/\\\/fapecuador.org\\\/responsible-travel-ecuador-y-la-fundacion-amazonia-productiva-unidos-por-un-planeta-mejor-2\\\/\",\"url\":\"https:\\\/\\\/fapecuador.org\\\/responsible-travel-ecuador-y-la-fundacion-amazonia-productiva-unidos-por-un-planeta-mejor-2\\\/\",\"name\":\"Responsible Travel Ecuador y la Fundaci\u00f3n Amazon\u00eda Productiva unidos por un planeta mejor - Fundaci\u00f3n Amazon\u00eda Productiva\",\"isPartOf\":{\"@id\":\"http:\\\/\\\/fapecuador.org\\\/es_ec\\\/#website\"},\"primaryImageOfPage\":{\"@id\":\"https:\\\/\\\/fapecuador.org\\\/responsible-travel-ecuador-y-la-fundacion-amazonia-productiva-unidos-por-un-planeta-mejor-2\\\/#primaryimage\"},\"image\":{\"@id\":\"https:\\\/\\\/fapecuador.org\\\/responsible-travel-ecuador-y-la-fundacion-amazonia-productiva-unidos-por-un-planeta-mejor-2\\\/#primaryimage\"},\"thumbnailUrl\":\"https:\\\/\\\/fapecuador.org\\\/wp-content\\\/uploads\\\/2022\\\/07\\\/WhatsApp-Image-2021-03-11-at-09.14.17-1-1-1024x683.jpeg\",\"datePublished\":\"2020-10-10T11:54:00+00:00\",\"dateModified\":\"2022-11-18T21:44:10+00:00\",\"breadcrumb\":{\"@id\":\"https:\\\/\\\/fapecuador.org\\\/responsible-travel-ecuador-y-la-fundacion-amazonia-productiva-unidos-por-un-planeta-mejor-2\\\/#breadcrumb\"},\"inLanguage\":\"es\",\"potentialAction\":[{\"@type\":\"ReadAction\",\"target\":[\"https:\\\/\\\/fapecuador.org\\\/responsible-travel-ecuador-y-la-fundacion-amazonia-productiva-unidos-por-un-planeta-mejor-2\\\/\"]}]},{\"@type\":\"ImageObject\",\"inLanguage\":\"es\",\"@id\":\"https:\\\/\\\/fapecuador.org\\\/responsible-travel-ecuador-y-la-fundacion-amazonia-productiva-unidos-por-un-planeta-mejor-2\\\/#primaryimage\",\"url\":\"https:\\\/\\\/fapecuador.org\\\/wp-content\\\/uploads\\\/2022\\\/07\\\/WhatsApp-Image-2021-03-11-at-09.14.17-1-1-1024x683.jpeg\",\"contentUrl\":\"https:\\\/\\\/fapecuador.org\\\/wp-content\\\/uploads\\\/2022\\\/07\\\/WhatsApp-Image-2021-03-11-at-09.14.17-1-1-1024x683.jpeg\"},{\"@type\":\"BreadcrumbList\",\"@id\":\"https:\\\/\\\/fapecuador.org\\\/responsible-travel-ecuador-y-la-fundacion-amazonia-productiva-unidos-por-un-planeta-mejor-2\\\/#breadcrumb\",\"itemListElement\":[{\"@type\":\"ListItem\",\"position\":1,\"name\":\"Portada\",\"item\":\"https:\\\/\\\/fapecuador.org\\\/\"},{\"@type\":\"ListItem\",\"position\":2,\"name\":\"Responsible Travel Ecuador y la Fundaci\u00f3n Amazon\u00eda Productiva unidos por un planeta mejor\"}]},{\"@type\":\"WebSite\",\"@id\":\"http:\\\/\\\/fapecuador.org\\\/es_ec\\\/#website\",\"url\":\"http:\\\/\\\/fapecuador.org\\\/es_ec\\\/\",\"name\":\"Fundaci\u00f3n Amazon\u00eda Productiva\",\"description\":\"\",\"publisher\":{\"@id\":\"http:\\\/\\\/fapecuador.org\\\/es_ec\\\/#organization\"},\"potentialAction\":[{\"@type\":\"SearchAction\",\"target\":{\"@type\":\"EntryPoint\",\"urlTemplate\":\"http:\\\/\\\/fapecuador.org\\\/es_ec\\\/?s={search_term_string}\"},\"query-input\":{\"@type\":\"PropertyValueSpecification\",\"valueRequired\":true,\"valueName\":\"search_term_string\"}}],\"inLanguage\":\"es\"},{\"@type\":\"Organization\",\"@id\":\"http:\\\/\\\/fapecuador.org\\\/es_ec\\\/#organization\",\"name\":\"Fundaci\u00f3n Amazon\u00eda Productiva\",\"url\":\"http:\\\/\\\/fapecuador.org\\\/es_ec\\\/\",\"logo\":{\"@type\":\"ImageObject\",\"inLanguage\":\"es\",\"@id\":\"http:\\\/\\\/fapecuador.org\\\/es_ec\\\/#\\\/schema\\\/logo\\\/image\\\/\",\"url\":\"https:\\\/\\\/fapecuador.org\\\/wp-content\\\/uploads\\\/2022\\\/07\\\/cropped-logo-fap-2020-cop.png\",\"contentUrl\":\"https:\\\/\\\/fapecuador.org\\\/wp-content\\\/uploads\\\/2022\\\/07\\\/cropped-logo-fap-2020-cop.png\",\"width\":592,\"height\":297,\"caption\":\"Fundaci\u00f3n Amazon\u00eda Productiva\"},\"image\":{\"@id\":\"http:\\\/\\\/fapecuador.org\\\/es_ec\\\/#\\\/schema\\\/logo\\\/image\\\/\"}},{\"@type\":\"Person\",\"@id\":\"http:\\\/\\\/fapecuador.org\\\/es_ec\\\/#\\\/schema\\\/person\\\/cd2361edcfa45fa5e7d0f1c770a532a5\",\"name\":\"Maria Paula Erazo\",\"image\":{\"@type\":\"ImageObject\",\"inLanguage\":\"es\",\"@id\":\"https:\\\/\\\/secure.gravatar.com\\\/avatar\\\/d1269797a2b22a061135b1c4f8d69bb939bfb80ea976691f5df196c616425945?s=96&d=mm&r=g\",\"url\":\"https:\\\/\\\/secure.gravatar.com\\\/avatar\\\/d1269797a2b22a061135b1c4f8d69bb939bfb80ea976691f5df196c616425945?s=96&d=mm&r=g\",\"contentUrl\":\"https:\\\/\\\/secure.gravatar.com\\\/avatar\\\/d1269797a2b22a061135b1c4f8d69bb939bfb80ea976691f5df196c616425945?s=96&d=mm&r=g\",\"caption\":\"Maria Paula Erazo\"},\"url\":\"https:\\\/\\\/fapecuador.org\\\/es_ec\\\/author\\\/mariapaula\\\/\"}]}<\/script>\n<!-- \/ Yoast SEO plugin. -->","yoast_head_json":{"title":"Responsible Travel Ecuador y la Fundaci\u00f3n Amazon\u00eda Productiva unidos por un planeta mejor - Fundaci\u00f3n Amazon\u00eda Productiva","robots":{"index":"index","follow":"follow","max-snippet":"max-snippet:-1","max-image-preview":"max-image-preview:large","max-video-preview":"max-video-preview:-1"},"canonical":"https:\/\/fapecuador.org\/es_ec\/responsible-travel-ecuador-y-la-fundacion-amazonia-productiva-unidos-por-un-planeta-mejor-2\/","og_locale":"es_ES","og_type":"article","og_title":"Responsible Travel Ecuador y la Fundaci\u00f3n Amazon\u00eda Productiva unidos por un planeta mejor - Fundaci\u00f3n Amazon\u00eda Productiva","og_description":"Responsible Travel EC es una Tour Operadora Ecuatoriana especialista en Ecuador y Gal\u00e1pagos para fascinantes tours culturales y de aventura en los Andes; relajantes vacaciones en la playa, en las arenas de la costa del pac\u00edfico; viajes al misterioso mundo verde de la selva amaz\u00f3nica; c\u00f3modo alojamiento en hotel en las principales ciudades; y cruceros [&hellip;]","og_url":"https:\/\/fapecuador.org\/es_ec\/responsible-travel-ecuador-y-la-fundacion-amazonia-productiva-unidos-por-un-planeta-mejor-2\/","og_site_name":"Fundaci\u00f3n Amazon\u00eda Productiva","article_published_time":"2020-10-10T11:54:00+00:00","article_modified_time":"2022-11-18T21:44:10+00:00","og_image":[{"url":"https:\/\/fapecuador.org\/wp-content\/uploads\/2022\/07\/WhatsApp-Image-2021-03-11-at-09.14.17-1-1-1024x683.jpeg","type":"","width":"","height":""}],"author":"Maria Paula Erazo","twitter_card":"summary_large_image","twitter_misc":{"Escrito por":"Maria Paula Erazo","Tiempo de lectura":"2 minutos"},"schema":{"@context":"https:\/\/schema.org","@graph":[{"@type":"Article","@id":"https:\/\/fapecuador.org\/responsible-travel-ecuador-y-la-fundacion-amazonia-productiva-unidos-por-un-planeta-mejor-2\/#article","isPartOf":{"@id":"https:\/\/fapecuador.org\/responsible-travel-ecuador-y-la-fundacion-amazonia-productiva-unidos-por-un-planeta-mejor-2\/"},"author":{"name":"Maria Paula Erazo","@id":"http:\/\/fapecuador.org\/es_ec\/#\/schema\/person\/cd2361edcfa45fa5e7d0f1c770a532a5"},"headline":"Responsible Travel Ecuador y la Fundaci\u00f3n Amazon\u00eda Productiva unidos por un planeta mejor","datePublished":"2020-10-10T11:54:00+00:00","dateModified":"2022-11-18T21:44:10+00:00","mainEntityOfPage":{"@id":"https:\/\/fapecuador.org\/responsible-travel-ecuador-y-la-fundacion-amazonia-productiva-unidos-por-un-planeta-mejor-2\/"},"wordCount":253,"commentCount":0,"publisher":{"@id":"http:\/\/fapecuador.org\/es_ec\/#organization"},"image":{"@id":"https:\/\/fapecuador.org\/responsible-travel-ecuador-y-la-fundacion-amazonia-productiva-unidos-por-un-planeta-mejor-2\/#primaryimage"},"thumbnailUrl":"https:\/\/fapecuador.org\/wp-content\/uploads\/2022\/07\/WhatsApp-Image-2021-03-11-at-09.14.17-1-1-1024x683.jpeg","articleSection":["Uncategorized"],"inLanguage":"es","potentialAction":[{"@type":"CommentAction","name":"Comment","target":["https:\/\/fapecuador.org\/responsible-travel-ecuador-y-la-fundacion-amazonia-productiva-unidos-por-un-planeta-mejor-2\/#respond"]}]},{"@type":"WebPage","@id":"https:\/\/fapecuador.org\/responsible-travel-ecuador-y-la-fundacion-amazonia-productiva-unidos-por-un-planeta-mejor-2\/","url":"https:\/\/fapecuador.org\/responsible-travel-ecuador-y-la-fundacion-amazonia-productiva-unidos-por-un-planeta-mejor-2\/","name":"Responsible Travel Ecuador y la Fundaci\u00f3n Amazon\u00eda Productiva unidos por un planeta mejor - Fundaci\u00f3n Amazon\u00eda Productiva","isPartOf":{"@id":"http:\/\/fapecuador.org\/es_ec\/#website"},"primaryImageOfPage":{"@id":"https:\/\/fapecuador.org\/responsible-travel-ecuador-y-la-fundacion-amazonia-productiva-unidos-por-un-planeta-mejor-2\/#primaryimage"},"image":{"@id":"https:\/\/fapecuador.org\/responsible-travel-ecuador-y-la-fundacion-amazonia-productiva-unidos-por-un-planeta-mejor-2\/#primaryimage"},"thumbnailUrl":"https:\/\/fapecuador.org\/wp-content\/uploads\/2022\/07\/WhatsApp-Image-2021-03-11-at-09.14.17-1-1-1024x683.jpeg","datePublished":"2020-10-10T11:54:00+00:00","dateModified":"2022-11-18T21:44:10+00:00","breadcrumb":{"@id":"https:\/\/fapecuador.org\/responsible-travel-ecuador-y-la-fundacion-amazonia-productiva-unidos-por-un-planeta-mejor-2\/#breadcrumb"},"inLanguage":"es","potentialAction":[{"@type":"ReadAction","target":["https:\/\/fapecuador.org\/responsible-travel-ecuador-y-la-fundacion-amazonia-productiva-unidos-por-un-planeta-mejor-2\/"]}]},{"@type":"ImageObject","inLanguage":"es","@id":"https:\/\/fapecuador.org\/responsible-travel-ecuador-y-la-fundacion-amazonia-productiva-unidos-por-un-planeta-mejor-2\/#primaryimage","url":"https:\/\/fapecuador.org\/wp-content\/uploads\/2022\/07\/WhatsApp-Image-2021-03-11-at-09.14.17-1-1-1024x683.jpeg","contentUrl":"https:\/\/fapecuador.org\/wp-content\/uploads\/2022\/07\/WhatsApp-Image-2021-03-11-at-09.14.17-1-1-1024x683.jpeg"},{"@type":"BreadcrumbList","@id":"https:\/\/fapecuador.org\/responsible-travel-ecuador-y-la-fundacion-amazonia-productiva-unidos-por-un-planeta-mejor-2\/#breadcrumb","itemListElement":[{"@type":"ListItem","position":1,"name":"Portada","item":"https:\/\/fapecuador.org\/"},{"@type":"ListItem","position":2,"name":"Responsible Travel Ecuador y la Fundaci\u00f3n Amazon\u00eda Productiva unidos por un planeta mejor"}]},{"@type":"WebSite","@id":"http:\/\/fapecuador.org\/es_ec\/#website","url":"http:\/\/fapecuador.org\/es_ec\/","name":"Fundaci\u00f3n Amazon\u00eda Productiva","description":"","publisher":{"@id":"http:\/\/fapecuador.org\/es_ec\/#organization"},"potentialAction":[{"@type":"SearchAction","target":{"@type":"EntryPoint","urlTemplate":"http:\/\/fapecuador.org\/es_ec\/?s={search_term_string}"},"query-input":{"@type":"PropertyValueSpecification","valueRequired":true,"valueName":"search_term_string"}}],"inLanguage":"es"},{"@type":"Organization","@id":"http:\/\/fapecuador.org\/es_ec\/#organization","name":"Fundaci\u00f3n Amazon\u00eda Productiva","url":"http:\/\/fapecuador.org\/es_ec\/","logo":{"@type":"ImageObject","inLanguage":"es","@id":"http:\/\/fapecuador.org\/es_ec\/#\/schema\/logo\/image\/","url":"https:\/\/fapecuador.org\/wp-content\/uploads\/2022\/07\/cropped-logo-fap-2020-cop.png","contentUrl":"https:\/\/fapecuador.org\/wp-content\/uploads\/2022\/07\/cropped-logo-fap-2020-cop.png","width":592,"height":297,"caption":"Fundaci\u00f3n Amazon\u00eda Productiva"},"image":{"@id":"http:\/\/fapecuador.org\/es_ec\/#\/schema\/logo\/image\/"}},{"@type":"Person","@id":"http:\/\/fapecuador.org\/es_ec\/#\/schema\/person\/cd2361edcfa45fa5e7d0f1c770a532a5","name":"Maria Paula Erazo","image":{"@type":"ImageObject","inLanguage":"es","@id":"https:\/\/secure.gravatar.com\/avatar\/d1269797a2b22a061135b1c4f8d69bb939bfb80ea976691f5df196c616425945?s=96&d=mm&r=g","url":"https:\/\/secure.gravatar.com\/avatar\/d1269797a2b22a061135b1c4f8d69bb939bfb80ea976691f5df196c616425945?s=96&d=mm&r=g","contentUrl":"https:\/\/secure.gravatar.com\/avatar\/d1269797a2b22a061135b1c4f8d69bb939bfb80ea976691f5df196c616425945?s=96&d=mm&r=g","caption":"Maria Paula Erazo"},"url":"https:\/\/fapecuador.org\/es_ec\/author\/mariapaula\/"}]}},"_links":{"self":[{"href":"https:\/\/fapecuador.org\/es_ec\/wp-json\/wp\/v2\/posts\/1751","targetHints":{"allow":["GET"]}}],"collection":[{"href":"https:\/\/fapecuador.org\/es_ec\/wp-json\/wp\/v2\/posts"}],"about":[{"href":"https:\/\/fapecuador.org\/es_ec\/wp-json\/wp\/v2\/types\/post"}],"author":[{"embeddable":true,"href":"https:\/\/fapecuador.org\/es_ec\/wp-json\/wp\/v2\/users\/4"}],"replies":[{"embeddable":true,"href":"https:\/\/fapecuador.org\/es_ec\/wp-json\/wp\/v2\/comments?post=1751"}],"version-history":[{"count":8,"href":"https:\/\/fapecuador.org\/es_ec\/wp-json\/wp\/v2\/posts\/1751\/revisions"}],"predecessor-version":[{"id":2035,"href":"https:\/\/fapecuador.org\/es_ec\/wp-json\/wp\/v2\/posts\/1751\/revisions\/2035"}],"wp:attachment":[{"href":"https:\/\/fapecuador.org\/es_ec\/wp-json\/wp\/v2\/media?parent=1751"}],"wp:term":[{"taxonomy":"category","embeddable":true,"href":"https:\/\/fapecuador.org\/es_ec\/wp-json\/wp\/v2\/categories?post=1751"},{"taxonomy":"post_tag","embeddable":true,"href":"https:\/\/fapecuador.org\/es_ec\/wp-json\/wp\/v2\/tags?post=1751"}],"curies":[{"name":"wp","href":"https:\/\/api.w.org\/{rel}","templated":true}]}}