{"id":3703,"date":"2025-02-27T21:37:13","date_gmt":"2025-02-27T21:37:13","guid":{"rendered":"https:\/\/fapecuador.org\/?p=3703"},"modified":"2025-02-27T21:37:15","modified_gmt":"2025-02-27T21:37:15","slug":"reforestacion-empresarial","status":"publish","type":"post","link":"https:\/\/fapecuador.org\/es_ec\/reforestacion-empresarial\/","title":{"rendered":"Reforestaci\u00f3n Empresarial: Una Soluci\u00f3n Sostenible para un Futuro Verde"},"content":{"rendered":"\t\t<div data-elementor-type=\"wp-post\" data-elementor-id=\"3703\" class=\"elementor elementor-3703\" data-elementor-post-type=\"post\">\n\t\t\t\t\t\t<section class=\"elementor-section elementor-top-section elementor-element elementor-element-2c548dd5 elementor-section-boxed elementor-section-height-default elementor-section-height-default\" data-id=\"2c548dd5\" data-element_type=\"section\" data-e-type=\"section\">\n\t\t\t\t\t\t<div class=\"elementor-container elementor-column-gap-default\">\n\t\t\t\t\t<div class=\"elementor-column elementor-col-100 elementor-top-column elementor-element elementor-element-3423c34d\" data-id=\"3423c34d\" data-element_type=\"column\" data-e-type=\"column\">\n\t\t\t<div class=\"elementor-widget-wrap elementor-element-populated\">\n\t\t\t\t\t\t<div class=\"elementor-element elementor-element-70a3fc53 elementor-widget elementor-widget-text-editor\" data-id=\"70a3fc53\" data-element_type=\"widget\" data-e-type=\"widget\" data-widget_type=\"text-editor.default\">\n\t\t\t\t<div class=\"elementor-widget-container\">\n\t\t\t\t\t\t\t\t\t\n<p>La crisis clim\u00e1tica es una realidad innegable, y las empresas tienen el poder de marcar la diferencia. En la Fundaci\u00f3n Amazon\u00eda Productiva, trabajamos junto al sector empresarial para restaurar ecosistemas degradados y promover modelos de producci\u00f3n sostenibles.<\/p>\n\n<figure class=\"wp-block-image size-large\"><img fetchpriority=\"high\" decoding=\"async\" width=\"1024\" height=\"684\" class=\"wp-image-3704\" src=\"https:\/\/fapecuador.org\/wp-content\/uploads\/2025\/02\/pexels-mikhail-nilov-8543602-1024x684.jpg\" alt=\"\" srcset=\"https:\/\/fapecuador.org\/wp-content\/uploads\/2025\/02\/pexels-mikhail-nilov-8543602-1024x684.jpg 1024w, https:\/\/fapecuador.org\/wp-content\/uploads\/2025\/02\/pexels-mikhail-nilov-8543602-300x200.jpg 300w, https:\/\/fapecuador.org\/wp-content\/uploads\/2025\/02\/pexels-mikhail-nilov-8543602-768x513.jpg 768w, https:\/\/fapecuador.org\/wp-content\/uploads\/2025\/02\/pexels-mikhail-nilov-8543602-1536x1025.jpg 1536w, https:\/\/fapecuador.org\/wp-content\/uploads\/2025\/02\/pexels-mikhail-nilov-8543602-2048x1367.jpg 2048w, https:\/\/fapecuador.org\/wp-content\/uploads\/2025\/02\/pexels-mikhail-nilov-8543602-18x12.jpg 18w, https:\/\/fapecuador.org\/wp-content\/uploads\/2025\/02\/pexels-mikhail-nilov-8543602-600x401.jpg 600w\" sizes=\"(max-width: 1024px) 100vw, 1024px\" \/><\/figure>\n\n<p>\u00bfPor qu\u00e9 la reforestaci\u00f3n empresarial es crucial?<\/p>\n\n<p>Las empresas tienen la responsabilidad y la oportunidad de generar un impacto positivo en el planeta. A trav\u00e9s de la reforestaci\u00f3n, pueden compensar su huella de carbono, mejorar su imagen corporativa y contribuir a la biodiversidad. Adem\u00e1s, invertir en proyectos de restauraci\u00f3n ecol\u00f3gica no solo fortalece su compromiso con la sostenibilidad, sino que tambi\u00e9n genera beneficios tangibles para las comunidades locales.<\/p>\n\n<h2 class=\"wp-block-heading\">Nuestro modelo de reforestaci\u00f3n empresarial<\/h2>\n\n<p>En la Fundaci\u00f3n Amazon\u00eda Productiva, dise\u00f1amos programas de reforestaci\u00f3n adaptados a cada empresa, bas\u00e1ndonos en tres pilares fundamentales:<\/p>\n\n<ol class=\"wp-block-list\" start=\"1\">\n<li><strong>Selecci\u00f3n de especies nativas<\/strong>: Trabajamos con comunidades y expertos en biodiversidad para elegir las especies adecuadas que restauren el equilibrio ecol\u00f3gico de cada regi\u00f3n.<\/li>\n\n<li><strong>Compromiso con las comunidades<\/strong>: Fomentamos la participaci\u00f3n activa de las poblaciones locales, asegurando empleo digno y capacitaci\u00f3n en pr\u00e1cticas de conservaci\u00f3n.<\/li>\n\n<li><strong>Monitoreo y transparencia<\/strong>: Implementamos sistemas de seguimiento para garantizar la supervivencia de los \u00e1rboles plantados y proporcionar informes detallados a las empresas participantes.<\/li>\n<\/ol>\n\n<h2 class=\"wp-block-heading\">Planes de Reforestaci\u00f3n 2025<\/h2>\n\n<p>Contamos con programas dise\u00f1ados para empresas y voluntarios interesados en aportar activamente a la restauraci\u00f3n ambiental.<\/p>\n\n<p>Si deseas realizar actividades de reforestaci\u00f3n, cont\u00e1ctanos para coordinar un programa a la medida.<\/p>\n\n<figure class=\"wp-block-image aligncenter size-large\"><img decoding=\"async\" width=\"1024\" height=\"768\" class=\"wp-image-3583\" src=\"https:\/\/fapecuador.org\/wp-content\/uploads\/2023\/12\/DSCN0261-1024x768.jpg\" alt=\"\" srcset=\"https:\/\/fapecuador.org\/wp-content\/uploads\/2023\/12\/DSCN0261-1024x768.jpg 1024w, https:\/\/fapecuador.org\/wp-content\/uploads\/2023\/12\/DSCN0261-300x225.jpg 300w, https:\/\/fapecuador.org\/wp-content\/uploads\/2023\/12\/DSCN0261-768x576.jpg 768w, https:\/\/fapecuador.org\/wp-content\/uploads\/2023\/12\/DSCN0261-1536x1152.jpg 1536w, https:\/\/fapecuador.org\/wp-content\/uploads\/2023\/12\/DSCN0261-2048x1536.jpg 2048w, https:\/\/fapecuador.org\/wp-content\/uploads\/2023\/12\/DSCN0261-16x12.jpg 16w, https:\/\/fapecuador.org\/wp-content\/uploads\/2023\/12\/DSCN0261-600x450.jpg 600w\" sizes=\"(max-width: 1024px) 100vw, 1024px\" \/><\/figure>\n\n<h2 class=\"wp-block-heading\">Beneficios para las empresas<\/h2>\n\n<p>\u2714 <strong>Reducci\u00f3n de la huella de carbono<\/strong>: La reforestaci\u00f3n es una estrategia efectiva para absorber CO\u2082 y compensar emisiones.\u2714 <strong>Cumplimiento de est\u00e1ndares internacionales<\/strong>: Contribuye a certificaciones de sostenibilidad como Carbon Neutral, B Corp o Travelife. \u2714 <strong>Fortalecimiento de la reputaci\u00f3n corporativa<\/strong>: Demuestra un compromiso real con la sostenibilidad, generando mayor confianza entre clientes e inversionistas. \u2714 <strong>Impacto social positivo<\/strong>: Apoya el desarrollo de comunidades rurales mediante la generaci\u00f3n de empleo y la conservaci\u00f3n de recursos naturales.<\/p>\n\n<h2 class=\"wp-block-heading\">\u00bfC\u00f3mo pueden sumarse las empresas?<\/h2>\n\n<p>Desde la Fundaci\u00f3n Amazon\u00eda Productiva ofrecemos soluciones personalizadas para empresas que desean invertir en la restauraci\u00f3n de ecosistemas. Si tu empresa quiere ser parte del cambio, cont\u00e1ctanos para dise\u00f1ar un programa de reforestaci\u00f3n alineado con sus valores y objetivos de sostenibilidad.<\/p>\n\n<p>\ud83c\udf0e <strong>Invertir en la reforestaci\u00f3n no solo es una responsabilidad, sino una oportunidad para transformar el futuro.<\/strong> Juntos, podemos construir un mundo m\u00e1s verde y resiliente.<\/p>\n\n<p>\ud83d\udce9 Para m\u00e1s informaci\u00f3n, cont\u00e1ctanos y descubre c\u00f3mo tu empresa puede sumarse a esta iniciativa.<\/p>\n\t\t\t\t\t\t\t\t<\/div>\n\t\t\t\t<\/div>\n\t\t\t\t<div class=\"elementor-element elementor-element-489d296 elementor-button-info elementor-widget elementor-widget-button\" data-id=\"489d296\" data-element_type=\"widget\" data-e-type=\"widget\" data-widget_type=\"button.default\">\n\t\t\t\t<div class=\"elementor-widget-container\">\n\t\t\t\t\t\t\t\t\t<div class=\"elementor-button-wrapper\">\n\t\t\t\t\t<a class=\"elementor-button elementor-button-link elementor-size-sm\" href=\"\" id=\"CONT\u00c1CTANOS\">\n\t\t\t\t\t\t<span class=\"elementor-button-content-wrapper\">\n\t\t\t\t\t\t\t\t\t<span class=\"elementor-button-text\">CONT\u00c1CTANOS<\/span>\n\t\t\t\t\t<\/span>\n\t\t\t\t\t<\/a>\n\t\t\t\t<\/div>\n\t\t\t\t\t\t\t\t<\/div>\n\t\t\t\t<\/div>\n\t\t\t\t\t<\/div>\n\t\t<\/div>\n\t\t\t\t\t<\/div>\n\t\t<\/section>\n\t\t\t\t<\/div>\n\t\t","protected":false},"excerpt":{"rendered":"<p>La crisis clim\u00e1tica es una realidad innegable, y las empresas tienen el poder de marcar la diferencia. En la Fundaci\u00f3n Amazon\u00eda Productiva, trabajamos junto al sector empresarial para restaurar ecosistemas degradados y promover modelos de producci\u00f3n sostenibles. \u00bfPor qu\u00e9 la reforestaci\u00f3n empresarial es crucial? Las empresas tienen la responsabilidad y la oportunidad de generar un [&hellip;]<\/p>\n","protected":false},"author":4,"featured_media":3704,"comment_status":"open","ping_status":"open","sticky":false,"template":"","format":"standard","meta":{"footnotes":""},"categories":[28,25,30,44,29,1],"tags":[36,37,38,39],"class_list":["post-3703","post","type-post","status-publish","format-standard","has-post-thumbnail","hentry","category-ambiental","category-blog","category-comercio-justo","category-cultural","category-social","category-uncategorized","tag-adopta-un-arbol","tag-ambiental","tag-proyectos","tag-social"],"yoast_head":"<!-- This site is optimized with the Yoast SEO plugin v27.5 - https:\/\/yoast.com\/product\/yoast-seo-wordpress\/ -->\n<title>Reforestaci\u00f3n Empresarial: Una Soluci\u00f3n Sostenible para un Futuro Verde - Fundaci\u00f3n Amazon\u00eda Productiva<\/title>\n<meta name=\"description\" content=\"\u00a1Convierte la reforestaci\u00f3n en el motor de cambio para tu empresa! \ud83c\udf31\ud83c\udf0d Descubre c\u00f3mo la reforestaci\u00f3n empresarial no solo compensa la huella de carbono, sino que tambi\u00e9n fortalece tu reputaci\u00f3n, cumple con est\u00e1ndares de sostenibilidad y genera un impacto positivo en comunidades locales.\" \/>\n<meta name=\"robots\" content=\"index, follow, max-snippet:-1, max-image-preview:large, max-video-preview:-1\" \/>\n<link rel=\"canonical\" href=\"https:\/\/fapecuador.org\/es_ec\/reforestacion-empresarial\/\" \/>\n<meta property=\"og:locale\" content=\"es_ES\" \/>\n<meta property=\"og:type\" content=\"article\" \/>\n<meta property=\"og:title\" content=\"Reforestaci\u00f3n Empresarial: Una Soluci\u00f3n Sostenible para un Futuro Verde - Fundaci\u00f3n Amazon\u00eda Productiva\" \/>\n<meta property=\"og:description\" content=\"\u00a1Convierte la reforestaci\u00f3n en el motor de cambio para tu empresa! \ud83c\udf31\ud83c\udf0d Descubre c\u00f3mo la reforestaci\u00f3n empresarial no solo compensa la huella de carbono, sino que tambi\u00e9n fortalece tu reputaci\u00f3n, cumple con est\u00e1ndares de sostenibilidad y genera un impacto positivo en comunidades locales.\" \/>\n<meta property=\"og:url\" content=\"https:\/\/fapecuador.org\/es_ec\/reforestacion-empresarial\/\" \/>\n<meta property=\"og:site_name\" content=\"Fundaci\u00f3n Amazon\u00eda Productiva\" \/>\n<meta property=\"article:published_time\" content=\"2025-02-27T21:37:13+00:00\" \/>\n<meta property=\"article:modified_time\" content=\"2025-02-27T21:37:15+00:00\" \/>\n<meta property=\"og:image\" content=\"https:\/\/fapecuador.org\/wp-content\/uploads\/2025\/02\/pexels-mikhail-nilov-8543602-scaled.jpg\" \/>\n\t<meta property=\"og:image:width\" content=\"2560\" \/>\n\t<meta property=\"og:image:height\" content=\"1709\" \/>\n\t<meta property=\"og:image:type\" content=\"image\/jpeg\" \/>\n<meta name=\"author\" content=\"Maria Paula Erazo\" \/>\n<meta name=\"twitter:card\" content=\"summary_large_image\" \/>\n<meta name=\"twitter:label1\" content=\"Escrito por\" \/>\n\t<meta name=\"twitter:data1\" content=\"Maria Paula Erazo\" \/>\n\t<meta name=\"twitter:label2\" content=\"Tiempo de lectura\" \/>\n\t<meta name=\"twitter:data2\" content=\"3 minutos\" \/>\n<script type=\"application\/ld+json\" class=\"yoast-schema-graph\">{\"@context\":\"https:\\\/\\\/schema.org\",\"@graph\":[{\"@type\":\"Article\",\"@id\":\"https:\\\/\\\/fapecuador.org\\\/reforestacion-empresarial\\\/#article\",\"isPartOf\":{\"@id\":\"https:\\\/\\\/fapecuador.org\\\/reforestacion-empresarial\\\/\"},\"author\":{\"name\":\"Maria Paula Erazo\",\"@id\":\"http:\\\/\\\/fapecuador.org\\\/es_ec\\\/#\\\/schema\\\/person\\\/cd2361edcfa45fa5e7d0f1c770a532a5\"},\"headline\":\"Reforestaci\u00f3n Empresarial: Una Soluci\u00f3n Sostenible para un Futuro Verde\",\"datePublished\":\"2025-02-27T21:37:13+00:00\",\"dateModified\":\"2025-02-27T21:37:15+00:00\",\"mainEntityOfPage\":{\"@id\":\"https:\\\/\\\/fapecuador.org\\\/reforestacion-empresarial\\\/\"},\"wordCount\":452,\"commentCount\":0,\"publisher\":{\"@id\":\"http:\\\/\\\/fapecuador.org\\\/es_ec\\\/#organization\"},\"image\":{\"@id\":\"https:\\\/\\\/fapecuador.org\\\/reforestacion-empresarial\\\/#primaryimage\"},\"thumbnailUrl\":\"https:\\\/\\\/fapecuador.org\\\/wp-content\\\/uploads\\\/2025\\\/02\\\/pexels-mikhail-nilov-8543602-scaled.jpg\",\"keywords\":[\"Adopta un \u00e1rbol\",\"Ambiental\",\"Proyectos\",\"Social\"],\"articleSection\":[\"AMBIENTAL\",\"BLOG\",\"COMERCIO JUSTO\",\"CULTURAL\",\"SOCIAL\",\"Uncategorized\"],\"inLanguage\":\"es\",\"potentialAction\":[{\"@type\":\"CommentAction\",\"name\":\"Comment\",\"target\":[\"https:\\\/\\\/fapecuador.org\\\/reforestacion-empresarial\\\/#respond\"]}]},{\"@type\":\"WebPage\",\"@id\":\"https:\\\/\\\/fapecuador.org\\\/reforestacion-empresarial\\\/\",\"url\":\"https:\\\/\\\/fapecuador.org\\\/reforestacion-empresarial\\\/\",\"name\":\"Reforestaci\u00f3n Empresarial: Una Soluci\u00f3n Sostenible para un Futuro Verde - Fundaci\u00f3n Amazon\u00eda Productiva\",\"isPartOf\":{\"@id\":\"http:\\\/\\\/fapecuador.org\\\/es_ec\\\/#website\"},\"primaryImageOfPage\":{\"@id\":\"https:\\\/\\\/fapecuador.org\\\/reforestacion-empresarial\\\/#primaryimage\"},\"image\":{\"@id\":\"https:\\\/\\\/fapecuador.org\\\/reforestacion-empresarial\\\/#primaryimage\"},\"thumbnailUrl\":\"https:\\\/\\\/fapecuador.org\\\/wp-content\\\/uploads\\\/2025\\\/02\\\/pexels-mikhail-nilov-8543602-scaled.jpg\",\"datePublished\":\"2025-02-27T21:37:13+00:00\",\"dateModified\":\"2025-02-27T21:37:15+00:00\",\"description\":\"\u00a1Convierte la reforestaci\u00f3n en el motor de cambio para tu empresa! \ud83c\udf31\ud83c\udf0d Descubre c\u00f3mo la reforestaci\u00f3n empresarial no solo compensa la huella de carbono, sino que tambi\u00e9n fortalece tu reputaci\u00f3n, cumple con est\u00e1ndares de sostenibilidad y genera un impacto positivo en comunidades locales.\",\"breadcrumb\":{\"@id\":\"https:\\\/\\\/fapecuador.org\\\/reforestacion-empresarial\\\/#breadcrumb\"},\"inLanguage\":\"es\",\"potentialAction\":[{\"@type\":\"ReadAction\",\"target\":[\"https:\\\/\\\/fapecuador.org\\\/reforestacion-empresarial\\\/\"]}]},{\"@type\":\"ImageObject\",\"inLanguage\":\"es\",\"@id\":\"https:\\\/\\\/fapecuador.org\\\/reforestacion-empresarial\\\/#primaryimage\",\"url\":\"https:\\\/\\\/fapecuador.org\\\/wp-content\\\/uploads\\\/2025\\\/02\\\/pexels-mikhail-nilov-8543602-scaled.jpg\",\"contentUrl\":\"https:\\\/\\\/fapecuador.org\\\/wp-content\\\/uploads\\\/2025\\\/02\\\/pexels-mikhail-nilov-8543602-scaled.jpg\",\"width\":2560,\"height\":1709},{\"@type\":\"BreadcrumbList\",\"@id\":\"https:\\\/\\\/fapecuador.org\\\/reforestacion-empresarial\\\/#breadcrumb\",\"itemListElement\":[{\"@type\":\"ListItem\",\"position\":1,\"name\":\"Portada\",\"item\":\"https:\\\/\\\/fapecuador.org\\\/\"},{\"@type\":\"ListItem\",\"position\":2,\"name\":\"Reforestaci\u00f3n Empresarial: Una Soluci\u00f3n Sostenible para un Futuro Verde\"}]},{\"@type\":\"WebSite\",\"@id\":\"http:\\\/\\\/fapecuador.org\\\/es_ec\\\/#website\",\"url\":\"http:\\\/\\\/fapecuador.org\\\/es_ec\\\/\",\"name\":\"Fundaci\u00f3n Amazon\u00eda Productiva\",\"description\":\"\",\"publisher\":{\"@id\":\"http:\\\/\\\/fapecuador.org\\\/es_ec\\\/#organization\"},\"potentialAction\":[{\"@type\":\"SearchAction\",\"target\":{\"@type\":\"EntryPoint\",\"urlTemplate\":\"http:\\\/\\\/fapecuador.org\\\/es_ec\\\/?s={search_term_string}\"},\"query-input\":{\"@type\":\"PropertyValueSpecification\",\"valueRequired\":true,\"valueName\":\"search_term_string\"}}],\"inLanguage\":\"es\"},{\"@type\":\"Organization\",\"@id\":\"http:\\\/\\\/fapecuador.org\\\/es_ec\\\/#organization\",\"name\":\"Fundaci\u00f3n Amazon\u00eda Productiva\",\"url\":\"http:\\\/\\\/fapecuador.org\\\/es_ec\\\/\",\"logo\":{\"@type\":\"ImageObject\",\"inLanguage\":\"es\",\"@id\":\"http:\\\/\\\/fapecuador.org\\\/es_ec\\\/#\\\/schema\\\/logo\\\/image\\\/\",\"url\":\"https:\\\/\\\/fapecuador.org\\\/wp-content\\\/uploads\\\/2022\\\/07\\\/cropped-logo-fap-2020-cop.png\",\"contentUrl\":\"https:\\\/\\\/fapecuador.org\\\/wp-content\\\/uploads\\\/2022\\\/07\\\/cropped-logo-fap-2020-cop.png\",\"width\":592,\"height\":297,\"caption\":\"Fundaci\u00f3n Amazon\u00eda Productiva\"},\"image\":{\"@id\":\"http:\\\/\\\/fapecuador.org\\\/es_ec\\\/#\\\/schema\\\/logo\\\/image\\\/\"}},{\"@type\":\"Person\",\"@id\":\"http:\\\/\\\/fapecuador.org\\\/es_ec\\\/#\\\/schema\\\/person\\\/cd2361edcfa45fa5e7d0f1c770a532a5\",\"name\":\"Maria Paula Erazo\",\"image\":{\"@type\":\"ImageObject\",\"inLanguage\":\"es\",\"@id\":\"https:\\\/\\\/secure.gravatar.com\\\/avatar\\\/d1269797a2b22a061135b1c4f8d69bb939bfb80ea976691f5df196c616425945?s=96&d=mm&r=g\",\"url\":\"https:\\\/\\\/secure.gravatar.com\\\/avatar\\\/d1269797a2b22a061135b1c4f8d69bb939bfb80ea976691f5df196c616425945?s=96&d=mm&r=g\",\"contentUrl\":\"https:\\\/\\\/secure.gravatar.com\\\/avatar\\\/d1269797a2b22a061135b1c4f8d69bb939bfb80ea976691f5df196c616425945?s=96&d=mm&r=g\",\"caption\":\"Maria Paula Erazo\"},\"url\":\"https:\\\/\\\/fapecuador.org\\\/es_ec\\\/author\\\/mariapaula\\\/\"}]}<\/script>\n<!-- \/ Yoast SEO plugin. -->","yoast_head_json":{"title":"Reforestaci\u00f3n Empresarial: Una Soluci\u00f3n Sostenible para un Futuro Verde - Fundaci\u00f3n Amazon\u00eda Productiva","description":"\u00a1Convierte la reforestaci\u00f3n en el motor de cambio para tu empresa! \ud83c\udf31\ud83c\udf0d Descubre c\u00f3mo la reforestaci\u00f3n empresarial no solo compensa la huella de carbono, sino que tambi\u00e9n fortalece tu reputaci\u00f3n, cumple con est\u00e1ndares de sostenibilidad y genera un impacto positivo en comunidades locales.","robots":{"index":"index","follow":"follow","max-snippet":"max-snippet:-1","max-image-preview":"max-image-preview:large","max-video-preview":"max-video-preview:-1"},"canonical":"https:\/\/fapecuador.org\/es_ec\/reforestacion-empresarial\/","og_locale":"es_ES","og_type":"article","og_title":"Reforestaci\u00f3n Empresarial: Una Soluci\u00f3n Sostenible para un Futuro Verde - Fundaci\u00f3n Amazon\u00eda Productiva","og_description":"\u00a1Convierte la reforestaci\u00f3n en el motor de cambio para tu empresa! \ud83c\udf31\ud83c\udf0d Descubre c\u00f3mo la reforestaci\u00f3n empresarial no solo compensa la huella de carbono, sino que tambi\u00e9n fortalece tu reputaci\u00f3n, cumple con est\u00e1ndares de sostenibilidad y genera un impacto positivo en comunidades locales.","og_url":"https:\/\/fapecuador.org\/es_ec\/reforestacion-empresarial\/","og_site_name":"Fundaci\u00f3n Amazon\u00eda Productiva","article_published_time":"2025-02-27T21:37:13+00:00","article_modified_time":"2025-02-27T21:37:15+00:00","og_image":[{"width":2560,"height":1709,"url":"https:\/\/fapecuador.org\/wp-content\/uploads\/2025\/02\/pexels-mikhail-nilov-8543602-scaled.jpg","type":"image\/jpeg"}],"author":"Maria Paula Erazo","twitter_card":"summary_large_image","twitter_misc":{"Escrito por":"Maria Paula Erazo","Tiempo de lectura":"3 minutos"},"schema":{"@context":"https:\/\/schema.org","@graph":[{"@type":"Article","@id":"https:\/\/fapecuador.org\/reforestacion-empresarial\/#article","isPartOf":{"@id":"https:\/\/fapecuador.org\/reforestacion-empresarial\/"},"author":{"name":"Maria Paula Erazo","@id":"http:\/\/fapecuador.org\/es_ec\/#\/schema\/person\/cd2361edcfa45fa5e7d0f1c770a532a5"},"headline":"Reforestaci\u00f3n Empresarial: Una Soluci\u00f3n Sostenible para un Futuro Verde","datePublished":"2025-02-27T21:37:13+00:00","dateModified":"2025-02-27T21:37:15+00:00","mainEntityOfPage":{"@id":"https:\/\/fapecuador.org\/reforestacion-empresarial\/"},"wordCount":452,"commentCount":0,"publisher":{"@id":"http:\/\/fapecuador.org\/es_ec\/#organization"},"image":{"@id":"https:\/\/fapecuador.org\/reforestacion-empresarial\/#primaryimage"},"thumbnailUrl":"https:\/\/fapecuador.org\/wp-content\/uploads\/2025\/02\/pexels-mikhail-nilov-8543602-scaled.jpg","keywords":["Adopta un \u00e1rbol","Ambiental","Proyectos","Social"],"articleSection":["AMBIENTAL","BLOG","COMERCIO JUSTO","CULTURAL","SOCIAL","Uncategorized"],"inLanguage":"es","potentialAction":[{"@type":"CommentAction","name":"Comment","target":["https:\/\/fapecuador.org\/reforestacion-empresarial\/#respond"]}]},{"@type":"WebPage","@id":"https:\/\/fapecuador.org\/reforestacion-empresarial\/","url":"https:\/\/fapecuador.org\/reforestacion-empresarial\/","name":"Reforestaci\u00f3n Empresarial: Una Soluci\u00f3n Sostenible para un Futuro Verde - Fundaci\u00f3n Amazon\u00eda Productiva","isPartOf":{"@id":"http:\/\/fapecuador.org\/es_ec\/#website"},"primaryImageOfPage":{"@id":"https:\/\/fapecuador.org\/reforestacion-empresarial\/#primaryimage"},"image":{"@id":"https:\/\/fapecuador.org\/reforestacion-empresarial\/#primaryimage"},"thumbnailUrl":"https:\/\/fapecuador.org\/wp-content\/uploads\/2025\/02\/pexels-mikhail-nilov-8543602-scaled.jpg","datePublished":"2025-02-27T21:37:13+00:00","dateModified":"2025-02-27T21:37:15+00:00","description":"\u00a1Convierte la reforestaci\u00f3n en el motor de cambio para tu empresa! \ud83c\udf31\ud83c\udf0d Descubre c\u00f3mo la reforestaci\u00f3n empresarial no solo compensa la huella de carbono, sino que tambi\u00e9n fortalece tu reputaci\u00f3n, cumple con est\u00e1ndares de sostenibilidad y genera un impacto positivo en comunidades locales.","breadcrumb":{"@id":"https:\/\/fapecuador.org\/reforestacion-empresarial\/#breadcrumb"},"inLanguage":"es","potentialAction":[{"@type":"ReadAction","target":["https:\/\/fapecuador.org\/reforestacion-empresarial\/"]}]},{"@type":"ImageObject","inLanguage":"es","@id":"https:\/\/fapecuador.org\/reforestacion-empresarial\/#primaryimage","url":"https:\/\/fapecuador.org\/wp-content\/uploads\/2025\/02\/pexels-mikhail-nilov-8543602-scaled.jpg","contentUrl":"https:\/\/fapecuador.org\/wp-content\/uploads\/2025\/02\/pexels-mikhail-nilov-8543602-scaled.jpg","width":2560,"height":1709},{"@type":"BreadcrumbList","@id":"https:\/\/fapecuador.org\/reforestacion-empresarial\/#breadcrumb","itemListElement":[{"@type":"ListItem","position":1,"name":"Portada","item":"https:\/\/fapecuador.org\/"},{"@type":"ListItem","position":2,"name":"Reforestaci\u00f3n Empresarial: Una Soluci\u00f3n Sostenible para un Futuro Verde"}]},{"@type":"WebSite","@id":"http:\/\/fapecuador.org\/es_ec\/#website","url":"http:\/\/fapecuador.org\/es_ec\/","name":"Fundaci\u00f3n Amazon\u00eda Productiva","description":"","publisher":{"@id":"http:\/\/fapecuador.org\/es_ec\/#organization"},"potentialAction":[{"@type":"SearchAction","target":{"@type":"EntryPoint","urlTemplate":"http:\/\/fapecuador.org\/es_ec\/?s={search_term_string}"},"query-input":{"@type":"PropertyValueSpecification","valueRequired":true,"valueName":"search_term_string"}}],"inLanguage":"es"},{"@type":"Organization","@id":"http:\/\/fapecuador.org\/es_ec\/#organization","name":"Fundaci\u00f3n Amazon\u00eda Productiva","url":"http:\/\/fapecuador.org\/es_ec\/","logo":{"@type":"ImageObject","inLanguage":"es","@id":"http:\/\/fapecuador.org\/es_ec\/#\/schema\/logo\/image\/","url":"https:\/\/fapecuador.org\/wp-content\/uploads\/2022\/07\/cropped-logo-fap-2020-cop.png","contentUrl":"https:\/\/fapecuador.org\/wp-content\/uploads\/2022\/07\/cropped-logo-fap-2020-cop.png","width":592,"height":297,"caption":"Fundaci\u00f3n Amazon\u00eda Productiva"},"image":{"@id":"http:\/\/fapecuador.org\/es_ec\/#\/schema\/logo\/image\/"}},{"@type":"Person","@id":"http:\/\/fapecuador.org\/es_ec\/#\/schema\/person\/cd2361edcfa45fa5e7d0f1c770a532a5","name":"Maria Paula Erazo","image":{"@type":"ImageObject","inLanguage":"es","@id":"https:\/\/secure.gravatar.com\/avatar\/d1269797a2b22a061135b1c4f8d69bb939bfb80ea976691f5df196c616425945?s=96&d=mm&r=g","url":"https:\/\/secure.gravatar.com\/avatar\/d1269797a2b22a061135b1c4f8d69bb939bfb80ea976691f5df196c616425945?s=96&d=mm&r=g","contentUrl":"https:\/\/secure.gravatar.com\/avatar\/d1269797a2b22a061135b1c4f8d69bb939bfb80ea976691f5df196c616425945?s=96&d=mm&r=g","caption":"Maria Paula Erazo"},"url":"https:\/\/fapecuador.org\/es_ec\/author\/mariapaula\/"}]}},"_links":{"self":[{"href":"https:\/\/fapecuador.org\/es_ec\/wp-json\/wp\/v2\/posts\/3703","targetHints":{"allow":["GET"]}}],"collection":[{"href":"https:\/\/fapecuador.org\/es_ec\/wp-json\/wp\/v2\/posts"}],"about":[{"href":"https:\/\/fapecuador.org\/es_ec\/wp-json\/wp\/v2\/types\/post"}],"author":[{"embeddable":true,"href":"https:\/\/fapecuador.org\/es_ec\/wp-json\/wp\/v2\/users\/4"}],"replies":[{"embeddable":true,"href":"https:\/\/fapecuador.org\/es_ec\/wp-json\/wp\/v2\/comments?post=3703"}],"version-history":[{"count":4,"href":"https:\/\/fapecuador.org\/es_ec\/wp-json\/wp\/v2\/posts\/3703\/revisions"}],"predecessor-version":[{"id":3709,"href":"https:\/\/fapecuador.org\/es_ec\/wp-json\/wp\/v2\/posts\/3703\/revisions\/3709"}],"wp:featuredmedia":[{"embeddable":true,"href":"https:\/\/fapecuador.org\/es_ec\/wp-json\/wp\/v2\/media\/3704"}],"wp:attachment":[{"href":"https:\/\/fapecuador.org\/es_ec\/wp-json\/wp\/v2\/media?parent=3703"}],"wp:term":[{"taxonomy":"category","embeddable":true,"href":"https:\/\/fapecuador.org\/es_ec\/wp-json\/wp\/v2\/categories?post=3703"},{"taxonomy":"post_tag","embeddable":true,"href":"https:\/\/fapecuador.org\/es_ec\/wp-json\/wp\/v2\/tags?post=3703"}],"curies":[{"name":"wp","href":"https:\/\/api.w.org\/{rel}","templated":true}]}}