{"id":656,"date":"2022-07-04T15:31:00","date_gmt":"2022-07-04T15:31:00","guid":{"rendered":"http:\/\/fap-ec.local\/?p=656"},"modified":"2023-01-11T20:41:35","modified_gmt":"2023-01-11T20:41:35","slug":"responsible-travel-ecuador-se-une-al-proyecto-1-millon-de-arboles-para-ecuador","status":"publish","type":"post","link":"https:\/\/fapecuador.org\/es_ec\/responsible-travel-ecuador-se-une-al-proyecto-1-millon-de-arboles-para-ecuador\/","title":{"rendered":"Responsible Travel Ecuador se une al proyecto 1 mill\u00f3n de \u00e1rboles para Ecuador"},"content":{"rendered":"\t\t<div data-elementor-type=\"wp-post\" data-elementor-id=\"656\" class=\"elementor elementor-656\" data-elementor-post-type=\"post\">\n\t\t\t\t\t\t<section class=\"elementor-section elementor-top-section elementor-element elementor-element-575a86d elementor-section-boxed elementor-section-height-default elementor-section-height-default\" data-id=\"575a86d\" data-element_type=\"section\" data-e-type=\"section\">\n\t\t\t\t\t\t<div class=\"elementor-container elementor-column-gap-default\">\n\t\t\t\t\t<div class=\"elementor-column elementor-col-100 elementor-top-column elementor-element elementor-element-9b8fabd\" data-id=\"9b8fabd\" data-element_type=\"column\" data-e-type=\"column\">\n\t\t\t<div class=\"elementor-widget-wrap elementor-element-populated\">\n\t\t\t\t\t\t<div class=\"elementor-element elementor-element-c6a3a04 elementor-widget elementor-widget-text-editor\" data-id=\"c6a3a04\" data-element_type=\"widget\" data-e-type=\"widget\" data-widget_type=\"text-editor.default\">\n\t\t\t\t<div class=\"elementor-widget-container\">\n\t\t\t\t\t\t\t\t\t<p>Responsible Travel (RT) se une al proyecto \u00ab1 mill\u00f3n de \u00e1rboles para Ecuador\u00bb creada por la Pontificia Universidad Cat\u00f3lica del Ecuador.\u00a0<\/p>\t\t\t\t\t\t\t\t<\/div>\n\t\t\t\t<\/div>\n\t\t\t\t\t<\/div>\n\t\t<\/div>\n\t\t\t\t\t<\/div>\n\t\t<\/section>\n\t\t\t\t<section class=\"elementor-section elementor-top-section elementor-element elementor-element-7081b60 elementor-section-boxed elementor-section-height-default elementor-section-height-default\" data-id=\"7081b60\" data-element_type=\"section\" data-e-type=\"section\">\n\t\t\t\t\t\t<div class=\"elementor-container elementor-column-gap-default\">\n\t\t\t\t\t<div class=\"elementor-column elementor-col-100 elementor-top-column elementor-element elementor-element-5e7cf97\" data-id=\"5e7cf97\" data-element_type=\"column\" data-e-type=\"column\">\n\t\t\t<div class=\"elementor-widget-wrap elementor-element-populated\">\n\t\t\t\t\t\t<div class=\"elementor-element elementor-element-2db2e5d elementor-widget elementor-widget-text-editor\" data-id=\"2db2e5d\" data-element_type=\"widget\" data-e-type=\"widget\" data-widget_type=\"text-editor.default\">\n\t\t\t\t<div class=\"elementor-widget-container\">\n\t\t\t\t\t\t\t\t\t<p>Esta organizaci\u00f3n por mucho tiempo ha colaborado junto a Fundaci\u00f3n Amazon\u00eda Productiva como un socio estrat\u00e9gico en varios proyectos. En esta ocasi\u00f3n, Responsible Travel se une al proyecto, ratificando su compromiso por el bienestar del medio ambiente a trav\u00e9s de programas que busquen una restauraci\u00f3n y recuperaci\u00f3n real en todas las zonas del Ecuador.\u00a0<\/p>\t\t\t\t\t\t\t\t<\/div>\n\t\t\t\t<\/div>\n\t\t\t\t\t<\/div>\n\t\t<\/div>\n\t\t\t\t\t<\/div>\n\t\t<\/section>\n\t\t\t\t<section class=\"elementor-section elementor-top-section elementor-element elementor-element-4d19d7a2 elementor-section-boxed elementor-section-height-default elementor-section-height-default\" data-id=\"4d19d7a2\" data-element_type=\"section\" data-e-type=\"section\">\n\t\t\t\t\t\t<div class=\"elementor-container elementor-column-gap-default\">\n\t\t\t\t\t<div class=\"elementor-column elementor-col-100 elementor-top-column elementor-element elementor-element-306c73cb\" data-id=\"306c73cb\" data-element_type=\"column\" data-e-type=\"column\">\n\t\t\t<div class=\"elementor-widget-wrap elementor-element-populated\">\n\t\t\t\t\t\t<div class=\"elementor-element elementor-element-1d1d52e elementor-widget elementor-widget-image\" data-id=\"1d1d52e\" data-element_type=\"widget\" data-e-type=\"widget\" data-widget_type=\"image.default\">\n\t\t\t\t<div class=\"elementor-widget-container\">\n\t\t\t\t\t\t\t\t\t\t\t\t\t\t\t<img fetchpriority=\"high\" decoding=\"async\" width=\"800\" height=\"600\" src=\"https:\/\/fapecuador.org\/wp-content\/uploads\/2022\/07\/Diseno-sin-titulo-21.png\" class=\"attachment-large size-large wp-image-1226\" alt=\"Responsible Travel se une al proyecto\" srcset=\"https:\/\/fapecuador.org\/wp-content\/uploads\/2022\/07\/Diseno-sin-titulo-21.png 1024w, https:\/\/fapecuador.org\/wp-content\/uploads\/2022\/07\/Diseno-sin-titulo-21-300x225.png 300w, https:\/\/fapecuador.org\/wp-content\/uploads\/2022\/07\/Diseno-sin-titulo-21-768x576.png 768w, https:\/\/fapecuador.org\/wp-content\/uploads\/2022\/07\/Diseno-sin-titulo-21-600x450.png 600w\" sizes=\"(max-width: 800px) 100vw, 800px\" \/>\t\t\t\t\t\t\t\t\t\t\t\t\t\t\t<\/div>\n\t\t\t\t<\/div>\n\t\t\t\t\t<\/div>\n\t\t<\/div>\n\t\t\t\t\t<\/div>\n\t\t<\/section>\n\t\t\t\t<section class=\"elementor-section elementor-top-section elementor-element elementor-element-fe36969 elementor-section-boxed elementor-section-height-default elementor-section-height-default\" data-id=\"fe36969\" data-element_type=\"section\" data-e-type=\"section\">\n\t\t\t\t\t\t<div class=\"elementor-container elementor-column-gap-default\">\n\t\t\t\t\t<div class=\"elementor-column elementor-col-100 elementor-top-column elementor-element elementor-element-f67b109\" data-id=\"f67b109\" data-element_type=\"column\" data-e-type=\"column\">\n\t\t\t<div class=\"elementor-widget-wrap elementor-element-populated\">\n\t\t\t\t\t\t<div class=\"elementor-element elementor-element-4deea58 elementor-widget elementor-widget-text-editor\" data-id=\"4deea58\" data-element_type=\"widget\" data-e-type=\"widget\" data-widget_type=\"text-editor.default\">\n\t\t\t\t<div class=\"elementor-widget-container\">\n\t\t\t\t\t\t\t\t\t<p>Durante varios a\u00f1os, RT ha contribuido al programa \u00abAdopta un \u00e1rbol\u00bb, con motivo de compensar su huella de carbono por las actividades que realiza.\u00a0<\/p>\n<p>A lo largo de su apoyo a dicho programa, han conseguido sembrar m\u00e1s de 600 \u00e1rboles nativos en la zona de San Antonio de las Aradas, cant\u00f3n Quilanga, provincia de Loja, representando m\u00e1s del 50% de espec\u00edmenes plantados por parte de Fundaci\u00f3n Amazon\u00eda Produtiva.<\/p>\t\t\t\t\t\t\t\t<\/div>\n\t\t\t\t<\/div>\n\t\t\t\t\t<\/div>\n\t\t<\/div>\n\t\t\t\t\t<\/div>\n\t\t<\/section>\n\t\t\t\t<section class=\"elementor-section elementor-top-section elementor-element elementor-element-1ac355d elementor-section-boxed elementor-section-height-default elementor-section-height-default\" data-id=\"1ac355d\" data-element_type=\"section\" data-e-type=\"section\">\n\t\t\t\t\t\t<div class=\"elementor-container elementor-column-gap-default\">\n\t\t\t\t\t<div class=\"elementor-column elementor-col-100 elementor-top-column elementor-element elementor-element-d688b2c\" data-id=\"d688b2c\" data-element_type=\"column\" data-e-type=\"column\">\n\t\t\t<div class=\"elementor-widget-wrap elementor-element-populated\">\n\t\t\t\t\t\t<div class=\"elementor-element elementor-element-511b22f elementor-widget elementor-widget-text-editor\" data-id=\"511b22f\" data-element_type=\"widget\" data-e-type=\"widget\" data-widget_type=\"text-editor.default\">\n\t\t\t\t<div class=\"elementor-widget-container\">\n\t\t\t\t\t\t\t\t\t<p>La operadora tur\u00edstica Responsible Travel Ecuador, centrada al turismo receptivo, con la misi\u00f3n de compensar los impactos ambientales que generan sus acciones y conscientes que en nuestra sociedad necesita espacios verdes, ha decidido a trav\u00e9s de Fundaci\u00f3n Amazon\u00eda Productiva sumarse a esta iniciativa creada por la PUCE para forestar y reforestar sectores en varias provincias del pa\u00eds.<\/p>\t\t\t\t\t\t\t\t<\/div>\n\t\t\t\t<\/div>\n\t\t\t\t\t<\/div>\n\t\t<\/div>\n\t\t\t\t\t<\/div>\n\t\t<\/section>\n\t\t\t\t<section class=\"elementor-section elementor-top-section elementor-element elementor-element-f916480 elementor-section-boxed elementor-section-height-default elementor-section-height-default\" data-id=\"f916480\" data-element_type=\"section\" data-e-type=\"section\">\n\t\t\t\t\t\t<div class=\"elementor-container elementor-column-gap-default\">\n\t\t\t\t\t<div class=\"elementor-column elementor-col-100 elementor-top-column elementor-element elementor-element-6f3b1e7\" data-id=\"6f3b1e7\" data-element_type=\"column\" data-e-type=\"column\">\n\t\t\t<div class=\"elementor-widget-wrap elementor-element-populated\">\n\t\t\t\t\t\t<div class=\"elementor-element elementor-element-e952ec4 elementor-widget elementor-widget-text-editor\" data-id=\"e952ec4\" data-element_type=\"widget\" data-e-type=\"widget\" data-widget_type=\"text-editor.default\">\n\t\t\t\t<div class=\"elementor-widget-container\">\n\t\t\t\t\t\t\t\t\t<p><!-- \/wp:paragraph --><!-- wp:paragraph --><\/p>\n<p>Queremos extender nuestro agradecimiento hacia Responsible Travel que se une al proyecto de la PUCE, por el aporte y confianza en FAP para ejecutarla.<\/p>\t\t\t\t\t\t\t\t<\/div>\n\t\t\t\t<\/div>\n\t\t\t\t\t<\/div>\n\t\t<\/div>\n\t\t\t\t\t<\/div>\n\t\t<\/section>\n\t\t\t\t<section class=\"elementor-section elementor-top-section elementor-element elementor-element-ba0a3ca elementor-section-boxed elementor-section-height-default elementor-section-height-default\" data-id=\"ba0a3ca\" data-element_type=\"section\" data-e-type=\"section\">\n\t\t\t\t\t\t<div class=\"elementor-container elementor-column-gap-default\">\n\t\t\t\t\t<div class=\"elementor-column elementor-col-100 elementor-top-column elementor-element elementor-element-b9b3e19\" data-id=\"b9b3e19\" data-element_type=\"column\" data-e-type=\"column\">\n\t\t\t<div class=\"elementor-widget-wrap elementor-element-populated\">\n\t\t\t\t\t\t<div class=\"elementor-element elementor-element-fc7f732 elementor-widget elementor-widget-text-editor\" data-id=\"fc7f732\" data-element_type=\"widget\" data-e-type=\"widget\" data-widget_type=\"text-editor.default\">\n\t\t\t\t<div class=\"elementor-widget-container\">\n\t\t\t\t\t\t\t\t\t<p>De la misma manera, felicitamos a la PUCE por seguir sumando aportes que permiten alcanzar la tan anhelada meta del mill\u00f3n de \u00e1rboles para Ecuador.<\/p>\t\t\t\t\t\t\t\t<\/div>\n\t\t\t\t<\/div>\n\t\t\t\t\t<\/div>\n\t\t<\/div>\n\t\t\t\t\t<\/div>\n\t\t<\/section>\n\t\t\t\t<section class=\"elementor-section elementor-top-section elementor-element elementor-element-95b1eb5 elementor-section-boxed elementor-section-height-default elementor-section-height-default\" data-id=\"95b1eb5\" data-element_type=\"section\" data-e-type=\"section\">\n\t\t\t\t\t\t<div class=\"elementor-container elementor-column-gap-default\">\n\t\t\t\t\t<div class=\"elementor-column elementor-col-100 elementor-top-column elementor-element elementor-element-c5e0290\" data-id=\"c5e0290\" data-element_type=\"column\" data-e-type=\"column\">\n\t\t\t<div class=\"elementor-widget-wrap elementor-element-populated\">\n\t\t\t\t\t\t<div class=\"elementor-element elementor-element-dd0da4e elementor-widget elementor-widget-text-editor\" data-id=\"dd0da4e\" data-element_type=\"widget\" data-e-type=\"widget\" data-widget_type=\"text-editor.default\">\n\t\t\t\t<div class=\"elementor-widget-container\">\n\t\t\t\t\t\t\t\t\t<p>Animamos a las diferentes empresas, emprendimientos e incluso al p\u00fablico en general a sumarse a esta hermosa iniciativa que busca un pa\u00eds y un mundo m\u00e1s verde.<\/p>\t\t\t\t\t\t\t\t<\/div>\n\t\t\t\t<\/div>\n\t\t\t\t\t<\/div>\n\t\t<\/div>\n\t\t\t\t\t<\/div>\n\t\t<\/section>\n\t\t\t\t<section class=\"elementor-section elementor-top-section elementor-element elementor-element-4695a37 elementor-section-boxed elementor-section-height-default elementor-section-height-default\" data-id=\"4695a37\" data-element_type=\"section\" data-e-type=\"section\">\n\t\t\t\t\t\t<div class=\"elementor-container elementor-column-gap-default\">\n\t\t\t\t\t<div class=\"elementor-column elementor-col-100 elementor-top-column elementor-element elementor-element-066be8c\" data-id=\"066be8c\" data-element_type=\"column\" data-e-type=\"column\">\n\t\t\t<div class=\"elementor-widget-wrap elementor-element-populated\">\n\t\t\t\t\t\t<div class=\"elementor-element elementor-element-fcc07a4 elementor-widget elementor-widget-text-editor\" data-id=\"fcc07a4\" data-element_type=\"widget\" data-e-type=\"widget\" data-widget_type=\"text-editor.default\">\n\t\t\t\t<div class=\"elementor-widget-container\">\n\t\t\t\t\t\t\t\t\t<p>Conoce m\u00e1s del proyecto \u201c1 mill\u00f3n de \u00e1rboles para Ecuador\u201d en:\u00a0<a href=\"https:\/\/1millondearboles.ec\/\">https:\/\/1millondearboles.ec\/<\/a>. O escr\u00edbenos para informarte como lo puedes hacer a trav\u00e9s de la Fundaci\u00f3n.<\/p>\t\t\t\t\t\t\t\t<\/div>\n\t\t\t\t<\/div>\n\t\t\t\t\t<\/div>\n\t\t<\/div>\n\t\t\t\t\t<\/div>\n\t\t<\/section>\n\t\t\t\t<section class=\"elementor-section elementor-top-section elementor-element elementor-element-4c1ab22 elementor-section-boxed elementor-section-height-default elementor-section-height-default\" data-id=\"4c1ab22\" data-element_type=\"section\" data-e-type=\"section\">\n\t\t\t\t\t\t<div class=\"elementor-container elementor-column-gap-default\">\n\t\t\t\t\t<div class=\"elementor-column elementor-col-100 elementor-top-column elementor-element elementor-element-a131a29\" data-id=\"a131a29\" data-element_type=\"column\" data-e-type=\"column\">\n\t\t\t<div class=\"elementor-widget-wrap elementor-element-populated\">\n\t\t\t\t\t\t<div class=\"elementor-element elementor-element-6fdf6d3 elementor-widget elementor-widget-text-editor\" data-id=\"6fdf6d3\" data-element_type=\"widget\" data-e-type=\"widget\" data-widget_type=\"text-editor.default\">\n\t\t\t\t<div class=\"elementor-widget-container\">\n\t\t\t\t\t\t\t\t\t<p>Ent\u00e9rate de todos los servicios que ofrece Responsible Travel en su p\u00e1gina web\u00a0<a href=\"https:\/\/responsibletravelsa.com\/es\/\">https:\/\/responsibletravelsa.com\/es\/<\/a>\u00a0<\/p>\t\t\t\t\t\t\t\t<\/div>\n\t\t\t\t<\/div>\n\t\t\t\t\t<\/div>\n\t\t<\/div>\n\t\t\t\t\t<\/div>\n\t\t<\/section>\n\t\t\t\t<section class=\"elementor-section elementor-top-section elementor-element elementor-element-be7fbb8 elementor-section-boxed elementor-section-height-default elementor-section-height-default\" data-id=\"be7fbb8\" data-element_type=\"section\" data-e-type=\"section\">\n\t\t\t\t\t\t<div class=\"elementor-container elementor-column-gap-default\">\n\t\t\t\t\t<div class=\"elementor-column elementor-col-100 elementor-top-column elementor-element elementor-element-f83fd86\" data-id=\"f83fd86\" data-element_type=\"column\" data-e-type=\"column\">\n\t\t\t<div class=\"elementor-widget-wrap elementor-element-populated\">\n\t\t\t\t\t\t<div class=\"elementor-element elementor-element-c5388be elementor-widget elementor-widget-spacer\" data-id=\"c5388be\" data-element_type=\"widget\" data-e-type=\"widget\" data-widget_type=\"spacer.default\">\n\t\t\t\t<div class=\"elementor-widget-container\">\n\t\t\t\t\t\t\t<div class=\"elementor-spacer\">\n\t\t\t<div class=\"elementor-spacer-inner\"><\/div>\n\t\t<\/div>\n\t\t\t\t\t\t<\/div>\n\t\t\t\t<\/div>\n\t\t\t\t\t<\/div>\n\t\t<\/div>\n\t\t\t\t\t<\/div>\n\t\t<\/section>\n\t\t\t\t<section class=\"elementor-section elementor-top-section elementor-element elementor-element-234428e elementor-section-boxed elementor-section-height-default elementor-section-height-default\" data-id=\"234428e\" data-element_type=\"section\" data-e-type=\"section\">\n\t\t\t\t\t\t<div class=\"elementor-container elementor-column-gap-default\">\n\t\t\t\t\t<div class=\"elementor-column elementor-col-100 elementor-top-column elementor-element elementor-element-13de994\" data-id=\"13de994\" data-element_type=\"column\" data-e-type=\"column\">\n\t\t\t<div class=\"elementor-widget-wrap elementor-element-populated\">\n\t\t\t\t\t\t<div class=\"elementor-element elementor-element-85290f2 elementor-widget elementor-widget-text-editor\" data-id=\"85290f2\" data-element_type=\"widget\" data-e-type=\"widget\" data-widget_type=\"text-editor.default\">\n\t\t\t\t<div class=\"elementor-widget-container\">\n\t\t\t\t\t\t\t\t\t<p>Noticia relacionada\u00a0<a href=\"https:\/\/fapecuador.org\/es_ec\/1era-jornada-de-plantacion-entre-la-puce-y-fap\/\">https:\/\/fapecuador.org\/es_ec\/1era-jornada-de-plantacion-entre-la-puce-y-fap\/<\/a><\/p>\n<p>Noticia de inter\u00e9s\u00a0<a href=\"https:\/\/fapecuador.org\/es_ec\/1881-2\/\">https:\/\/fapecuador.org\/es_ec\/1881-2\/<\/a><\/p>\n<p>Blog de FAP\u00a0<a href=\"https:\/\/fapecuador.org\/es_ec\/blog\/\">https:\/\/fapecuador.org\/es_ec\/blog\/<\/a><\/p>\t\t\t\t\t\t\t\t<\/div>\n\t\t\t\t<\/div>\n\t\t\t\t\t<\/div>\n\t\t<\/div>\n\t\t\t\t\t<\/div>\n\t\t<\/section>\n\t\t\t\t<section class=\"elementor-section elementor-top-section elementor-element elementor-element-fc24782 elementor-section-boxed elementor-section-height-default elementor-section-height-default\" data-id=\"fc24782\" data-element_type=\"section\" data-e-type=\"section\">\n\t\t\t\t\t\t<div class=\"elementor-container elementor-column-gap-default\">\n\t\t\t\t\t<div class=\"elementor-column elementor-col-100 elementor-top-column elementor-element elementor-element-612d074\" data-id=\"612d074\" data-element_type=\"column\" data-e-type=\"column\">\n\t\t\t<div class=\"elementor-widget-wrap elementor-element-populated\">\n\t\t\t\t\t\t<div class=\"elementor-element elementor-element-d208a5f elementor-widget elementor-widget-spacer\" data-id=\"d208a5f\" data-element_type=\"widget\" data-e-type=\"widget\" data-widget_type=\"spacer.default\">\n\t\t\t\t<div class=\"elementor-widget-container\">\n\t\t\t\t\t\t\t<div class=\"elementor-spacer\">\n\t\t\t<div class=\"elementor-spacer-inner\"><\/div>\n\t\t<\/div>\n\t\t\t\t\t\t<\/div>\n\t\t\t\t<\/div>\n\t\t\t\t\t<\/div>\n\t\t<\/div>\n\t\t\t\t\t<\/div>\n\t\t<\/section>\n\t\t\t\t<section class=\"elementor-section elementor-top-section elementor-element elementor-element-28d1317 elementor-section-boxed elementor-section-height-default elementor-section-height-default\" data-id=\"28d1317\" data-element_type=\"section\" data-e-type=\"section\">\n\t\t\t\t\t\t<div class=\"elementor-container elementor-column-gap-default\">\n\t\t\t\t\t<div class=\"elementor-column elementor-col-100 elementor-top-column elementor-element elementor-element-f8bf6f2\" data-id=\"f8bf6f2\" data-element_type=\"column\" data-e-type=\"column\">\n\t\t\t<div class=\"elementor-widget-wrap elementor-element-populated\">\n\t\t\t\t\t\t<div class=\"elementor-element elementor-element-f525f0b elementor-widget elementor-widget-text-editor\" data-id=\"f525f0b\" data-element_type=\"widget\" data-e-type=\"widget\" data-widget_type=\"text-editor.default\">\n\t\t\t\t<div class=\"elementor-widget-container\">\n\t\t\t\t\t\t\t\t\t<p>Siguiente noticia\u00a0<a href=\"https:\/\/fapecuador.org\/es_ec\/alibu-reafirma-su-compromiso-con-el-medio-ambiente\/\">https:\/\/fapecuador.org\/es_ec\/alibu-reafirma-su-compromiso-con-el-medio-ambiente\/<\/a><\/p>\n<p>Noticia anterior\u00a0<a href=\"https:\/\/fapecuador.org\/es_ec\/fap-y-puce-unidos-por-una-misma-causa\/\">https:\/\/fapecuador.org\/es_ec\/fap-y-puce-unidos-por-una-misma-causa\/<\/a><\/p>\t\t\t\t\t\t\t\t<\/div>\n\t\t\t\t<\/div>\n\t\t\t\t\t<\/div>\n\t\t<\/div>\n\t\t\t\t\t<\/div>\n\t\t<\/section>\n\t\t\t\t<\/div>\n\t\t","protected":false},"excerpt":{"rendered":"<p>Responsible Travel (RT) se une al proyecto \u00ab1 mill\u00f3n de \u00e1rboles para Ecuador\u00bb creada por la Pontificia Universidad Cat\u00f3lica del Ecuador.&nbsp; Esta organizaci\u00f3n por mucho tiempo ha colaborado junto a Fundaci\u00f3n Amazon\u00eda Productiva como un socio estrat\u00e9gico en varios proyectos. En esta ocasi\u00f3n, Responsible Travel se une al proyecto, ratificando su compromiso por el bienestar [&hellip;]<\/p>\n","protected":false},"author":4,"featured_media":1226,"comment_status":"open","ping_status":"open","sticky":false,"template":"","format":"standard","meta":{"footnotes":""},"categories":[25,41],"tags":[40],"class_list":["post-656","post","type-post","status-publish","format-standard","has-post-thumbnail","hentry","category-blog","category-noticias","tag-noticias"],"yoast_head":"<!-- This site is optimized with the Yoast SEO plugin v27.5 - https:\/\/yoast.com\/product\/yoast-seo-wordpress\/ -->\n<title>Responsible Travel se une al proyecto ambiental de la PUCE<\/title>\n<meta name=\"description\" content=\"Responsible Travel se une al proyecto \u201c1 mill\u00f3n de \u00e1rboles para Ecuador\u201d creada por la Pontificia Universidad Cat\u00f3lica del Ecuador.\" \/>\n<meta name=\"robots\" content=\"index, follow, max-snippet:-1, max-image-preview:large, max-video-preview:-1\" \/>\n<link rel=\"canonical\" href=\"https:\/\/fapecuador.org\/es_ec\/responsible-travel-ecuador-se-une-al-proyecto-1-millon-de-arboles-para-ecuador\/\" \/>\n<meta property=\"og:locale\" content=\"es_ES\" \/>\n<meta property=\"og:type\" content=\"article\" \/>\n<meta property=\"og:title\" content=\"Responsible Travel se une al proyecto ambiental de la PUCE\" \/>\n<meta property=\"og:description\" content=\"Responsible Travel se une al proyecto \u201c1 mill\u00f3n de \u00e1rboles para Ecuador\u201d creada por la Pontificia Universidad Cat\u00f3lica del Ecuador.\" \/>\n<meta property=\"og:url\" content=\"https:\/\/fapecuador.org\/es_ec\/responsible-travel-ecuador-se-une-al-proyecto-1-millon-de-arboles-para-ecuador\/\" \/>\n<meta property=\"og:site_name\" content=\"Fundaci\u00f3n Amazon\u00eda Productiva\" \/>\n<meta property=\"article:published_time\" content=\"2022-07-04T15:31:00+00:00\" \/>\n<meta property=\"article:modified_time\" content=\"2023-01-11T20:41:35+00:00\" \/>\n<meta property=\"og:image\" content=\"https:\/\/fapecuador.org\/wp-content\/uploads\/2022\/07\/Diseno-sin-titulo-21.png\" \/>\n\t<meta property=\"og:image:width\" content=\"1024\" \/>\n\t<meta property=\"og:image:height\" content=\"768\" \/>\n\t<meta property=\"og:image:type\" content=\"image\/png\" \/>\n<meta name=\"author\" content=\"Maria Paula Erazo\" \/>\n<meta name=\"twitter:card\" content=\"summary_large_image\" \/>\n<meta name=\"twitter:label1\" content=\"Escrito por\" \/>\n\t<meta name=\"twitter:data1\" content=\"Maria Paula Erazo\" \/>\n\t<meta name=\"twitter:label2\" content=\"Tiempo de lectura\" \/>\n\t<meta name=\"twitter:data2\" content=\"2 minutos\" \/>\n<script type=\"application\/ld+json\" class=\"yoast-schema-graph\">{\"@context\":\"https:\\\/\\\/schema.org\",\"@graph\":[{\"@type\":\"Article\",\"@id\":\"https:\\\/\\\/fapecuador.org\\\/responsible-travel-ecuador-se-une-al-proyecto-1-millon-de-arboles-para-ecuador\\\/#article\",\"isPartOf\":{\"@id\":\"https:\\\/\\\/fapecuador.org\\\/responsible-travel-ecuador-se-une-al-proyecto-1-millon-de-arboles-para-ecuador\\\/\"},\"author\":{\"name\":\"Maria Paula Erazo\",\"@id\":\"http:\\\/\\\/fapecuador.org\\\/es_ec\\\/#\\\/schema\\\/person\\\/cd2361edcfa45fa5e7d0f1c770a532a5\"},\"headline\":\"Responsible Travel Ecuador se une al proyecto 1 mill\u00f3n de \u00e1rboles para Ecuador\",\"datePublished\":\"2022-07-04T15:31:00+00:00\",\"dateModified\":\"2023-01-11T20:41:35+00:00\",\"mainEntityOfPage\":{\"@id\":\"https:\\\/\\\/fapecuador.org\\\/responsible-travel-ecuador-se-une-al-proyecto-1-millon-de-arboles-para-ecuador\\\/\"},\"wordCount\":417,\"commentCount\":0,\"publisher\":{\"@id\":\"http:\\\/\\\/fapecuador.org\\\/es_ec\\\/#organization\"},\"image\":{\"@id\":\"https:\\\/\\\/fapecuador.org\\\/responsible-travel-ecuador-se-une-al-proyecto-1-millon-de-arboles-para-ecuador\\\/#primaryimage\"},\"thumbnailUrl\":\"https:\\\/\\\/fapecuador.org\\\/wp-content\\\/uploads\\\/2022\\\/07\\\/Diseno-sin-titulo-21.png\",\"keywords\":[\"Noticias\"],\"articleSection\":[\"BLOG\",\"NOTICIAS\"],\"inLanguage\":\"es\",\"potentialAction\":[{\"@type\":\"CommentAction\",\"name\":\"Comment\",\"target\":[\"https:\\\/\\\/fapecuador.org\\\/responsible-travel-ecuador-se-une-al-proyecto-1-millon-de-arboles-para-ecuador\\\/#respond\"]}]},{\"@type\":\"WebPage\",\"@id\":\"https:\\\/\\\/fapecuador.org\\\/responsible-travel-ecuador-se-une-al-proyecto-1-millon-de-arboles-para-ecuador\\\/\",\"url\":\"https:\\\/\\\/fapecuador.org\\\/responsible-travel-ecuador-se-une-al-proyecto-1-millon-de-arboles-para-ecuador\\\/\",\"name\":\"Responsible Travel se une al proyecto ambiental de la PUCE\",\"isPartOf\":{\"@id\":\"http:\\\/\\\/fapecuador.org\\\/es_ec\\\/#website\"},\"primaryImageOfPage\":{\"@id\":\"https:\\\/\\\/fapecuador.org\\\/responsible-travel-ecuador-se-une-al-proyecto-1-millon-de-arboles-para-ecuador\\\/#primaryimage\"},\"image\":{\"@id\":\"https:\\\/\\\/fapecuador.org\\\/responsible-travel-ecuador-se-une-al-proyecto-1-millon-de-arboles-para-ecuador\\\/#primaryimage\"},\"thumbnailUrl\":\"https:\\\/\\\/fapecuador.org\\\/wp-content\\\/uploads\\\/2022\\\/07\\\/Diseno-sin-titulo-21.png\",\"datePublished\":\"2022-07-04T15:31:00+00:00\",\"dateModified\":\"2023-01-11T20:41:35+00:00\",\"description\":\"Responsible Travel se une al proyecto \u201c1 mill\u00f3n de \u00e1rboles para Ecuador\u201d creada por la Pontificia Universidad Cat\u00f3lica del Ecuador.\",\"breadcrumb\":{\"@id\":\"https:\\\/\\\/fapecuador.org\\\/responsible-travel-ecuador-se-une-al-proyecto-1-millon-de-arboles-para-ecuador\\\/#breadcrumb\"},\"inLanguage\":\"es\",\"potentialAction\":[{\"@type\":\"ReadAction\",\"target\":[\"https:\\\/\\\/fapecuador.org\\\/responsible-travel-ecuador-se-une-al-proyecto-1-millon-de-arboles-para-ecuador\\\/\"]}]},{\"@type\":\"ImageObject\",\"inLanguage\":\"es\",\"@id\":\"https:\\\/\\\/fapecuador.org\\\/responsible-travel-ecuador-se-une-al-proyecto-1-millon-de-arboles-para-ecuador\\\/#primaryimage\",\"url\":\"https:\\\/\\\/fapecuador.org\\\/wp-content\\\/uploads\\\/2022\\\/07\\\/Diseno-sin-titulo-21.png\",\"contentUrl\":\"https:\\\/\\\/fapecuador.org\\\/wp-content\\\/uploads\\\/2022\\\/07\\\/Diseno-sin-titulo-21.png\",\"width\":1024,\"height\":768,\"caption\":\"Responsible Travel se une al proyecto\"},{\"@type\":\"BreadcrumbList\",\"@id\":\"https:\\\/\\\/fapecuador.org\\\/responsible-travel-ecuador-se-une-al-proyecto-1-millon-de-arboles-para-ecuador\\\/#breadcrumb\",\"itemListElement\":[{\"@type\":\"ListItem\",\"position\":1,\"name\":\"Portada\",\"item\":\"https:\\\/\\\/fapecuador.org\\\/\"},{\"@type\":\"ListItem\",\"position\":2,\"name\":\"Responsible Travel Ecuador se une al proyecto 1 mill\u00f3n de \u00e1rboles para Ecuador\"}]},{\"@type\":\"WebSite\",\"@id\":\"http:\\\/\\\/fapecuador.org\\\/es_ec\\\/#website\",\"url\":\"http:\\\/\\\/fapecuador.org\\\/es_ec\\\/\",\"name\":\"Fundaci\u00f3n Amazon\u00eda Productiva\",\"description\":\"\",\"publisher\":{\"@id\":\"http:\\\/\\\/fapecuador.org\\\/es_ec\\\/#organization\"},\"potentialAction\":[{\"@type\":\"SearchAction\",\"target\":{\"@type\":\"EntryPoint\",\"urlTemplate\":\"http:\\\/\\\/fapecuador.org\\\/es_ec\\\/?s={search_term_string}\"},\"query-input\":{\"@type\":\"PropertyValueSpecification\",\"valueRequired\":true,\"valueName\":\"search_term_string\"}}],\"inLanguage\":\"es\"},{\"@type\":\"Organization\",\"@id\":\"http:\\\/\\\/fapecuador.org\\\/es_ec\\\/#organization\",\"name\":\"Fundaci\u00f3n Amazon\u00eda Productiva\",\"url\":\"http:\\\/\\\/fapecuador.org\\\/es_ec\\\/\",\"logo\":{\"@type\":\"ImageObject\",\"inLanguage\":\"es\",\"@id\":\"http:\\\/\\\/fapecuador.org\\\/es_ec\\\/#\\\/schema\\\/logo\\\/image\\\/\",\"url\":\"https:\\\/\\\/fapecuador.org\\\/wp-content\\\/uploads\\\/2022\\\/07\\\/cropped-logo-fap-2020-cop.png\",\"contentUrl\":\"https:\\\/\\\/fapecuador.org\\\/wp-content\\\/uploads\\\/2022\\\/07\\\/cropped-logo-fap-2020-cop.png\",\"width\":592,\"height\":297,\"caption\":\"Fundaci\u00f3n Amazon\u00eda Productiva\"},\"image\":{\"@id\":\"http:\\\/\\\/fapecuador.org\\\/es_ec\\\/#\\\/schema\\\/logo\\\/image\\\/\"}},{\"@type\":\"Person\",\"@id\":\"http:\\\/\\\/fapecuador.org\\\/es_ec\\\/#\\\/schema\\\/person\\\/cd2361edcfa45fa5e7d0f1c770a532a5\",\"name\":\"Maria Paula Erazo\",\"image\":{\"@type\":\"ImageObject\",\"inLanguage\":\"es\",\"@id\":\"https:\\\/\\\/secure.gravatar.com\\\/avatar\\\/d1269797a2b22a061135b1c4f8d69bb939bfb80ea976691f5df196c616425945?s=96&d=mm&r=g\",\"url\":\"https:\\\/\\\/secure.gravatar.com\\\/avatar\\\/d1269797a2b22a061135b1c4f8d69bb939bfb80ea976691f5df196c616425945?s=96&d=mm&r=g\",\"contentUrl\":\"https:\\\/\\\/secure.gravatar.com\\\/avatar\\\/d1269797a2b22a061135b1c4f8d69bb939bfb80ea976691f5df196c616425945?s=96&d=mm&r=g\",\"caption\":\"Maria Paula Erazo\"},\"url\":\"https:\\\/\\\/fapecuador.org\\\/es_ec\\\/author\\\/mariapaula\\\/\"}]}<\/script>\n<!-- \/ Yoast SEO plugin. -->","yoast_head_json":{"title":"Responsible Travel se une al proyecto ambiental de la PUCE","description":"Responsible Travel se une al proyecto \u201c1 mill\u00f3n de \u00e1rboles para Ecuador\u201d creada por la Pontificia Universidad Cat\u00f3lica del Ecuador.","robots":{"index":"index","follow":"follow","max-snippet":"max-snippet:-1","max-image-preview":"max-image-preview:large","max-video-preview":"max-video-preview:-1"},"canonical":"https:\/\/fapecuador.org\/es_ec\/responsible-travel-ecuador-se-une-al-proyecto-1-millon-de-arboles-para-ecuador\/","og_locale":"es_ES","og_type":"article","og_title":"Responsible Travel se une al proyecto ambiental de la PUCE","og_description":"Responsible Travel se une al proyecto \u201c1 mill\u00f3n de \u00e1rboles para Ecuador\u201d creada por la Pontificia Universidad Cat\u00f3lica del Ecuador.","og_url":"https:\/\/fapecuador.org\/es_ec\/responsible-travel-ecuador-se-une-al-proyecto-1-millon-de-arboles-para-ecuador\/","og_site_name":"Fundaci\u00f3n Amazon\u00eda Productiva","article_published_time":"2022-07-04T15:31:00+00:00","article_modified_time":"2023-01-11T20:41:35+00:00","og_image":[{"width":1024,"height":768,"url":"https:\/\/fapecuador.org\/wp-content\/uploads\/2022\/07\/Diseno-sin-titulo-21.png","type":"image\/png"}],"author":"Maria Paula Erazo","twitter_card":"summary_large_image","twitter_misc":{"Escrito por":"Maria Paula Erazo","Tiempo de lectura":"2 minutos"},"schema":{"@context":"https:\/\/schema.org","@graph":[{"@type":"Article","@id":"https:\/\/fapecuador.org\/responsible-travel-ecuador-se-une-al-proyecto-1-millon-de-arboles-para-ecuador\/#article","isPartOf":{"@id":"https:\/\/fapecuador.org\/responsible-travel-ecuador-se-une-al-proyecto-1-millon-de-arboles-para-ecuador\/"},"author":{"name":"Maria Paula Erazo","@id":"http:\/\/fapecuador.org\/es_ec\/#\/schema\/person\/cd2361edcfa45fa5e7d0f1c770a532a5"},"headline":"Responsible Travel Ecuador se une al proyecto 1 mill\u00f3n de \u00e1rboles para Ecuador","datePublished":"2022-07-04T15:31:00+00:00","dateModified":"2023-01-11T20:41:35+00:00","mainEntityOfPage":{"@id":"https:\/\/fapecuador.org\/responsible-travel-ecuador-se-une-al-proyecto-1-millon-de-arboles-para-ecuador\/"},"wordCount":417,"commentCount":0,"publisher":{"@id":"http:\/\/fapecuador.org\/es_ec\/#organization"},"image":{"@id":"https:\/\/fapecuador.org\/responsible-travel-ecuador-se-une-al-proyecto-1-millon-de-arboles-para-ecuador\/#primaryimage"},"thumbnailUrl":"https:\/\/fapecuador.org\/wp-content\/uploads\/2022\/07\/Diseno-sin-titulo-21.png","keywords":["Noticias"],"articleSection":["BLOG","NOTICIAS"],"inLanguage":"es","potentialAction":[{"@type":"CommentAction","name":"Comment","target":["https:\/\/fapecuador.org\/responsible-travel-ecuador-se-une-al-proyecto-1-millon-de-arboles-para-ecuador\/#respond"]}]},{"@type":"WebPage","@id":"https:\/\/fapecuador.org\/responsible-travel-ecuador-se-une-al-proyecto-1-millon-de-arboles-para-ecuador\/","url":"https:\/\/fapecuador.org\/responsible-travel-ecuador-se-une-al-proyecto-1-millon-de-arboles-para-ecuador\/","name":"Responsible Travel se une al proyecto ambiental de la PUCE","isPartOf":{"@id":"http:\/\/fapecuador.org\/es_ec\/#website"},"primaryImageOfPage":{"@id":"https:\/\/fapecuador.org\/responsible-travel-ecuador-se-une-al-proyecto-1-millon-de-arboles-para-ecuador\/#primaryimage"},"image":{"@id":"https:\/\/fapecuador.org\/responsible-travel-ecuador-se-une-al-proyecto-1-millon-de-arboles-para-ecuador\/#primaryimage"},"thumbnailUrl":"https:\/\/fapecuador.org\/wp-content\/uploads\/2022\/07\/Diseno-sin-titulo-21.png","datePublished":"2022-07-04T15:31:00+00:00","dateModified":"2023-01-11T20:41:35+00:00","description":"Responsible Travel se une al proyecto \u201c1 mill\u00f3n de \u00e1rboles para Ecuador\u201d creada por la Pontificia Universidad Cat\u00f3lica del Ecuador.","breadcrumb":{"@id":"https:\/\/fapecuador.org\/responsible-travel-ecuador-se-une-al-proyecto-1-millon-de-arboles-para-ecuador\/#breadcrumb"},"inLanguage":"es","potentialAction":[{"@type":"ReadAction","target":["https:\/\/fapecuador.org\/responsible-travel-ecuador-se-une-al-proyecto-1-millon-de-arboles-para-ecuador\/"]}]},{"@type":"ImageObject","inLanguage":"es","@id":"https:\/\/fapecuador.org\/responsible-travel-ecuador-se-une-al-proyecto-1-millon-de-arboles-para-ecuador\/#primaryimage","url":"https:\/\/fapecuador.org\/wp-content\/uploads\/2022\/07\/Diseno-sin-titulo-21.png","contentUrl":"https:\/\/fapecuador.org\/wp-content\/uploads\/2022\/07\/Diseno-sin-titulo-21.png","width":1024,"height":768,"caption":"Responsible Travel se une al proyecto"},{"@type":"BreadcrumbList","@id":"https:\/\/fapecuador.org\/responsible-travel-ecuador-se-une-al-proyecto-1-millon-de-arboles-para-ecuador\/#breadcrumb","itemListElement":[{"@type":"ListItem","position":1,"name":"Portada","item":"https:\/\/fapecuador.org\/"},{"@type":"ListItem","position":2,"name":"Responsible Travel Ecuador se une al proyecto 1 mill\u00f3n de \u00e1rboles para Ecuador"}]},{"@type":"WebSite","@id":"http:\/\/fapecuador.org\/es_ec\/#website","url":"http:\/\/fapecuador.org\/es_ec\/","name":"Fundaci\u00f3n Amazon\u00eda Productiva","description":"","publisher":{"@id":"http:\/\/fapecuador.org\/es_ec\/#organization"},"potentialAction":[{"@type":"SearchAction","target":{"@type":"EntryPoint","urlTemplate":"http:\/\/fapecuador.org\/es_ec\/?s={search_term_string}"},"query-input":{"@type":"PropertyValueSpecification","valueRequired":true,"valueName":"search_term_string"}}],"inLanguage":"es"},{"@type":"Organization","@id":"http:\/\/fapecuador.org\/es_ec\/#organization","name":"Fundaci\u00f3n Amazon\u00eda Productiva","url":"http:\/\/fapecuador.org\/es_ec\/","logo":{"@type":"ImageObject","inLanguage":"es","@id":"http:\/\/fapecuador.org\/es_ec\/#\/schema\/logo\/image\/","url":"https:\/\/fapecuador.org\/wp-content\/uploads\/2022\/07\/cropped-logo-fap-2020-cop.png","contentUrl":"https:\/\/fapecuador.org\/wp-content\/uploads\/2022\/07\/cropped-logo-fap-2020-cop.png","width":592,"height":297,"caption":"Fundaci\u00f3n Amazon\u00eda Productiva"},"image":{"@id":"http:\/\/fapecuador.org\/es_ec\/#\/schema\/logo\/image\/"}},{"@type":"Person","@id":"http:\/\/fapecuador.org\/es_ec\/#\/schema\/person\/cd2361edcfa45fa5e7d0f1c770a532a5","name":"Maria Paula Erazo","image":{"@type":"ImageObject","inLanguage":"es","@id":"https:\/\/secure.gravatar.com\/avatar\/d1269797a2b22a061135b1c4f8d69bb939bfb80ea976691f5df196c616425945?s=96&d=mm&r=g","url":"https:\/\/secure.gravatar.com\/avatar\/d1269797a2b22a061135b1c4f8d69bb939bfb80ea976691f5df196c616425945?s=96&d=mm&r=g","contentUrl":"https:\/\/secure.gravatar.com\/avatar\/d1269797a2b22a061135b1c4f8d69bb939bfb80ea976691f5df196c616425945?s=96&d=mm&r=g","caption":"Maria Paula Erazo"},"url":"https:\/\/fapecuador.org\/es_ec\/author\/mariapaula\/"}]}},"_links":{"self":[{"href":"https:\/\/fapecuador.org\/es_ec\/wp-json\/wp\/v2\/posts\/656","targetHints":{"allow":["GET"]}}],"collection":[{"href":"https:\/\/fapecuador.org\/es_ec\/wp-json\/wp\/v2\/posts"}],"about":[{"href":"https:\/\/fapecuador.org\/es_ec\/wp-json\/wp\/v2\/types\/post"}],"author":[{"embeddable":true,"href":"https:\/\/fapecuador.org\/es_ec\/wp-json\/wp\/v2\/users\/4"}],"replies":[{"embeddable":true,"href":"https:\/\/fapecuador.org\/es_ec\/wp-json\/wp\/v2\/comments?post=656"}],"version-history":[{"count":21,"href":"https:\/\/fapecuador.org\/es_ec\/wp-json\/wp\/v2\/posts\/656\/revisions"}],"predecessor-version":[{"id":2795,"href":"https:\/\/fapecuador.org\/es_ec\/wp-json\/wp\/v2\/posts\/656\/revisions\/2795"}],"wp:featuredmedia":[{"embeddable":true,"href":"https:\/\/fapecuador.org\/es_ec\/wp-json\/wp\/v2\/media\/1226"}],"wp:attachment":[{"href":"https:\/\/fapecuador.org\/es_ec\/wp-json\/wp\/v2\/media?parent=656"}],"wp:term":[{"taxonomy":"category","embeddable":true,"href":"https:\/\/fapecuador.org\/es_ec\/wp-json\/wp\/v2\/categories?post=656"},{"taxonomy":"post_tag","embeddable":true,"href":"https:\/\/fapecuador.org\/es_ec\/wp-json\/wp\/v2\/tags?post=656"}],"curies":[{"name":"wp","href":"https:\/\/api.w.org\/{rel}","templated":true}]}}